{"id":6386,"date":"2016-02-01T02:45:53","date_gmt":"2016-02-01T02:45:53","guid":{"rendered":"http:\/\/piekarscy.com.pl\/?p=6386"},"modified":"2016-01-31T16:53:20","modified_gmt":"2016-01-31T16:53:20","slug":"zeszyt-z-mydlanymi-notatkami-pradziadka-cz-2","status":"publish","type":"post","link":"http:\/\/piekarscy.com.pl\/?p=6386","title":{"rendered":"Zeszyt z \u201emydlanymi\u201d notatkami pradziadka cz. 2"},"content":{"rendered":"<p>\u201eMyd\u0142o i jego fabrykacja\u201d to zeszyt pradziadka Ludwika Piekarskiego z przepisami na myd\u0142a. Niestety nie zachowa\u0142a si\u0119 pierwsza strona. Oto jego cz\u0119\u015b\u0107 druga.<\/p>\n<p><a href=\"http:\/\/piekarscy.com.pl\/wp-content\/uploads\/2016\/01\/mydlo4.jpg\" rel=\"attachment wp-att-6387\"><img loading=\"lazy\" decoding=\"async\" class=\"aligncenter size-medium wp-image-6387\" src=\"http:\/\/piekarscy.com.pl\/wp-content\/uploads\/2016\/01\/mydlo4-300x209.jpg\" alt=\"mydlo4\" width=\"300\" height=\"209\" srcset=\"http:\/\/piekarscy.com.pl\/wp-content\/uploads\/2016\/01\/mydlo4-300x209.jpg 300w, http:\/\/piekarscy.com.pl\/wp-content\/uploads\/2016\/01\/mydlo4-768x535.jpg 768w, http:\/\/piekarscy.com.pl\/wp-content\/uploads\/2016\/01\/mydlo4-1024x714.jpg 1024w, http:\/\/piekarscy.com.pl\/wp-content\/uploads\/2016\/01\/mydlo4-624x435.jpg 624w\" sizes=\"auto, (max-width: 300px) 100vw, 300px\" \/><\/a> <a href=\"http:\/\/piekarscy.com.pl\/wp-content\/uploads\/2016\/01\/mydlo5.jpg\" rel=\"attachment wp-att-6388\"><img loading=\"lazy\" decoding=\"async\" class=\"aligncenter size-medium wp-image-6388\" src=\"http:\/\/piekarscy.com.pl\/wp-content\/uploads\/2016\/01\/mydlo5-300x213.jpg\" alt=\"mydlo5\" width=\"300\" height=\"213\" srcset=\"http:\/\/piekarscy.com.pl\/wp-content\/uploads\/2016\/01\/mydlo5-300x213.jpg 300w, http:\/\/piekarscy.com.pl\/wp-content\/uploads\/2016\/01\/mydlo5-768x544.jpg 768w, http:\/\/piekarscy.com.pl\/wp-content\/uploads\/2016\/01\/mydlo5-1024x725.jpg 1024w, http:\/\/piekarscy.com.pl\/wp-content\/uploads\/2016\/01\/mydlo5-624x442.jpg 624w\" sizes=\"auto, (max-width: 300px) 100vw, 300px\" \/><\/a> <a href=\"http:\/\/piekarscy.com.pl\/wp-content\/uploads\/2016\/01\/mydlo6.jpg\" rel=\"attachment wp-att-6389\"><img loading=\"lazy\" decoding=\"async\" class=\"aligncenter size-medium wp-image-6389\" src=\"http:\/\/piekarscy.com.pl\/wp-content\/uploads\/2016\/01\/mydlo6-300x213.jpg\" alt=\"mydlo6\" width=\"300\" height=\"213\" srcset=\"http:\/\/piekarscy.com.pl\/wp-content\/uploads\/2016\/01\/mydlo6-300x213.jpg 300w, http:\/\/piekarscy.com.pl\/wp-content\/uploads\/2016\/01\/mydlo6-768x546.jpg 768w, http:\/\/piekarscy.com.pl\/wp-content\/uploads\/2016\/01\/mydlo6-1024x727.jpg 1024w, http:\/\/piekarscy.com.pl\/wp-content\/uploads\/2016\/01\/mydlo6-624x443.jpg 624w\" sizes=\"auto, (max-width: 300px) 100vw, 300px\" \/><\/a><\/p>\n","protected":false},"excerpt":{"rendered":"<p>\u201eMyd\u0142o i jego fabrykacja\u201d to zeszyt pradziadka Ludwika Piekarskiego z przepisami na myd\u0142a. Niestety nie zachowa\u0142a si\u0119 pierwsza strona. Oto jego cz\u0119\u015b\u0107 druga.<\/p>\n","protected":false},"author":1,"featured_media":0,"comment_status":"closed","ping_status":"closed","sticky":false,"template":"","format":"standard","meta":{"footnotes":""},"categories":[3],"tags":[32,29,39,802,615],"class_list":["post-6386","post","type-post","status-publish","format-standard","hentry","category-piekarscy","tag-ludwik-piekarski","tag-ludwik-roch-piekarski","tag-ludwik-rola-piekarski","tag-mydlo-i-jego-fabrykacja","tag-zeszyt"],"_links":{"self":[{"href":"http:\/\/piekarscy.com.pl\/index.php?rest_route=\/wp\/v2\/posts\/6386","targetHints":{"allow":["GET"]}}],"collection":[{"href":"http:\/\/piekarscy.com.pl\/index.php?rest_route=\/wp\/v2\/posts"}],"about":[{"href":"http:\/\/piekarscy.com.pl\/index.php?rest_route=\/wp\/v2\/types\/post"}],"author":[{"embeddable":true,"href":"http:\/\/piekarscy.com.pl\/index.php?rest_route=\/wp\/v2\/users\/1"}],"replies":[{"embeddable":true,"href":"http:\/\/piekarscy.com.pl\/index.php?rest_route=%2Fwp%2Fv2%2Fcomments&post=6386"}],"version-history":[{"count":1,"href":"http:\/\/piekarscy.com.pl\/index.php?rest_route=\/wp\/v2\/posts\/6386\/revisions"}],"predecessor-version":[{"id":6390,"href":"http:\/\/piekarscy.com.pl\/index.php?rest_route=\/wp\/v2\/posts\/6386\/revisions\/6390"}],"wp:attachment":[{"href":"http:\/\/piekarscy.com.pl\/index.php?rest_route=%2Fwp%2Fv2%2Fmedia&parent=6386"}],"wp:term":[{"taxonomy":"category","embeddable":true,"href":"http:\/\/piekarscy.com.pl\/index.php?rest_route=%2Fwp%2Fv2%2Fcategories&post=6386"},{"taxonomy":"post_tag","embeddable":true,"href":"http:\/\/piekarscy.com.pl\/index.php?rest_route=%2Fwp%2Fv2%2Ftags&post=6386"}],"curies":[{"name":"wp","href":"https:\/\/api.w.org\/{rel}","templated":true}]}}