{"id":6401,"date":"2016-02-04T02:26:43","date_gmt":"2016-02-04T02:26:43","guid":{"rendered":"http:\/\/piekarscy.com.pl\/?p=6401"},"modified":"2016-02-01T11:54:15","modified_gmt":"2016-02-01T11:54:15","slug":"zeszyt-z-mydlanymi-notatkami-pradziadka-cz-5","status":"publish","type":"post","link":"http:\/\/piekarscy.com.pl\/?p=6401","title":{"rendered":"Zeszyt z \u201emydlanymi\u201d notatkami pradziadka cz. 5"},"content":{"rendered":"<p>\u201eMyd\u0142o i jego fabrykacja\u201d to zeszyt pradziadka Ludwika Piekarskiego z przepisami na myd\u0142a. Niestety nie zachowa\u0142a si\u0119 pierwsza strona. Oto jego cz\u0119\u015b\u0107 pi\u0105ta.<\/p>\n<p><a href=\"http:\/\/piekarscy.com.pl\/wp-content\/uploads\/2016\/02\/mydlo13.jpg\" rel=\"attachment wp-att-6403\"><img loading=\"lazy\" decoding=\"async\" class=\"aligncenter size-medium wp-image-6403\" src=\"http:\/\/piekarscy.com.pl\/wp-content\/uploads\/2016\/02\/mydlo13-300x209.jpg\" alt=\"mydlo13\" width=\"300\" height=\"209\" srcset=\"http:\/\/piekarscy.com.pl\/wp-content\/uploads\/2016\/02\/mydlo13-300x209.jpg 300w, http:\/\/piekarscy.com.pl\/wp-content\/uploads\/2016\/02\/mydlo13-768x535.jpg 768w, http:\/\/piekarscy.com.pl\/wp-content\/uploads\/2016\/02\/mydlo13-1024x713.jpg 1024w, http:\/\/piekarscy.com.pl\/wp-content\/uploads\/2016\/02\/mydlo13-624x435.jpg 624w\" sizes=\"auto, (max-width: 300px) 100vw, 300px\" \/><\/a> <a href=\"http:\/\/piekarscy.com.pl\/wp-content\/uploads\/2016\/02\/mydlo14.jpg\" rel=\"attachment wp-att-6404\"><img loading=\"lazy\" decoding=\"async\" class=\"aligncenter size-medium wp-image-6404\" src=\"http:\/\/piekarscy.com.pl\/wp-content\/uploads\/2016\/02\/mydlo14-300x210.jpg\" alt=\"mydlo14\" width=\"300\" height=\"210\" srcset=\"http:\/\/piekarscy.com.pl\/wp-content\/uploads\/2016\/02\/mydlo14-300x210.jpg 300w, http:\/\/piekarscy.com.pl\/wp-content\/uploads\/2016\/02\/mydlo14-768x537.jpg 768w, http:\/\/piekarscy.com.pl\/wp-content\/uploads\/2016\/02\/mydlo14-1024x716.jpg 1024w, http:\/\/piekarscy.com.pl\/wp-content\/uploads\/2016\/02\/mydlo14-624x436.jpg 624w\" sizes=\"auto, (max-width: 300px) 100vw, 300px\" \/><\/a> <a href=\"http:\/\/piekarscy.com.pl\/wp-content\/uploads\/2016\/02\/mydlo15.jpg\" rel=\"attachment wp-att-6405\"><img loading=\"lazy\" decoding=\"async\" class=\"aligncenter size-medium wp-image-6405\" src=\"http:\/\/piekarscy.com.pl\/wp-content\/uploads\/2016\/02\/mydlo15-300x213.jpg\" alt=\"mydlo15\" width=\"300\" height=\"213\" srcset=\"http:\/\/piekarscy.com.pl\/wp-content\/uploads\/2016\/02\/mydlo15-300x213.jpg 300w, http:\/\/piekarscy.com.pl\/wp-content\/uploads\/2016\/02\/mydlo15-768x545.jpg 768w, http:\/\/piekarscy.com.pl\/wp-content\/uploads\/2016\/02\/mydlo15-1024x726.jpg 1024w, http:\/\/piekarscy.com.pl\/wp-content\/uploads\/2016\/02\/mydlo15-624x442.jpg 624w\" sizes=\"auto, (max-width: 300px) 100vw, 300px\" \/><\/a><\/p>\n","protected":false},"excerpt":{"rendered":"<p>\u201eMyd\u0142o i jego fabrykacja\u201d to zeszyt pradziadka Ludwika Piekarskiego z przepisami na myd\u0142a. Niestety nie zachowa\u0142a si\u0119 pierwsza strona. Oto jego cz\u0119\u015b\u0107 pi\u0105ta.<\/p>\n","protected":false},"author":1,"featured_media":0,"comment_status":"closed","ping_status":"closed","sticky":false,"template":"","format":"standard","meta":{"footnotes":""},"categories":[3],"tags":[32,29,39,802,615],"class_list":["post-6401","post","type-post","status-publish","format-standard","hentry","category-piekarscy","tag-ludwik-piekarski","tag-ludwik-roch-piekarski","tag-ludwik-rola-piekarski","tag-mydlo-i-jego-fabrykacja","tag-zeszyt"],"_links":{"self":[{"href":"http:\/\/piekarscy.com.pl\/index.php?rest_route=\/wp\/v2\/posts\/6401","targetHints":{"allow":["GET"]}}],"collection":[{"href":"http:\/\/piekarscy.com.pl\/index.php?rest_route=\/wp\/v2\/posts"}],"about":[{"href":"http:\/\/piekarscy.com.pl\/index.php?rest_route=\/wp\/v2\/types\/post"}],"author":[{"embeddable":true,"href":"http:\/\/piekarscy.com.pl\/index.php?rest_route=\/wp\/v2\/users\/1"}],"replies":[{"embeddable":true,"href":"http:\/\/piekarscy.com.pl\/index.php?rest_route=%2Fwp%2Fv2%2Fcomments&post=6401"}],"version-history":[{"count":2,"href":"http:\/\/piekarscy.com.pl\/index.php?rest_route=\/wp\/v2\/posts\/6401\/revisions"}],"predecessor-version":[{"id":6406,"href":"http:\/\/piekarscy.com.pl\/index.php?rest_route=\/wp\/v2\/posts\/6401\/revisions\/6406"}],"wp:attachment":[{"href":"http:\/\/piekarscy.com.pl\/index.php?rest_route=%2Fwp%2Fv2%2Fmedia&parent=6401"}],"wp:term":[{"taxonomy":"category","embeddable":true,"href":"http:\/\/piekarscy.com.pl\/index.php?rest_route=%2Fwp%2Fv2%2Fcategories&post=6401"},{"taxonomy":"post_tag","embeddable":true,"href":"http:\/\/piekarscy.com.pl\/index.php?rest_route=%2Fwp%2Fv2%2Ftags&post=6401"}],"curies":[{"name":"wp","href":"https:\/\/api.w.org\/{rel}","templated":true}]}}