{"id":6412,"date":"2016-02-06T05:55:02","date_gmt":"2016-02-06T05:55:02","guid":{"rendered":"http:\/\/piekarscy.com.pl\/?p=6412"},"modified":"2016-02-06T06:33:13","modified_gmt":"2016-02-06T06:33:13","slug":"zeszyt-z-mydlanymi-notatkami-pradziadka-cz-7","status":"publish","type":"post","link":"http:\/\/piekarscy.com.pl\/?p=6412","title":{"rendered":"Zeszyt z \u201emydlanymi\u201d notatkami pradziadka cz. 7"},"content":{"rendered":"<p>\u201eMyd\u0142o i jego fabrykacja\u201d to zeszyt pradziadka Ludwika Piekarskiego z przepisami na myd\u0142a. Niestety nie zachowa\u0142a si\u0119 pierwsza strona. Oto jego cz\u0119\u015b\u0107 si\u00f3dma.<\/p>\n<p><a href=\"http:\/\/piekarscy.com.pl\/wp-content\/uploads\/2016\/02\/mydlo19.jpg\" rel=\"attachment wp-att-6417\"><img loading=\"lazy\" decoding=\"async\" class=\"aligncenter size-medium wp-image-6417\" src=\"http:\/\/piekarscy.com.pl\/wp-content\/uploads\/2016\/02\/mydlo19-300x210.jpg\" alt=\"mydlo19\" width=\"300\" height=\"210\" srcset=\"http:\/\/piekarscy.com.pl\/wp-content\/uploads\/2016\/02\/mydlo19-300x210.jpg 300w, http:\/\/piekarscy.com.pl\/wp-content\/uploads\/2016\/02\/mydlo19-768x537.jpg 768w, http:\/\/piekarscy.com.pl\/wp-content\/uploads\/2016\/02\/mydlo19-1024x716.jpg 1024w, http:\/\/piekarscy.com.pl\/wp-content\/uploads\/2016\/02\/mydlo19-624x436.jpg 624w\" sizes=\"auto, (max-width: 300px) 100vw, 300px\" \/><\/a> <a href=\"http:\/\/piekarscy.com.pl\/wp-content\/uploads\/2016\/02\/mydlo20.jpg\" rel=\"attachment wp-att-6418\"><img loading=\"lazy\" decoding=\"async\" class=\"aligncenter size-medium wp-image-6418\" src=\"http:\/\/piekarscy.com.pl\/wp-content\/uploads\/2016\/02\/mydlo20-300x208.jpg\" alt=\"mydlo20\" width=\"300\" height=\"208\" srcset=\"http:\/\/piekarscy.com.pl\/wp-content\/uploads\/2016\/02\/mydlo20-300x208.jpg 300w, http:\/\/piekarscy.com.pl\/wp-content\/uploads\/2016\/02\/mydlo20-768x532.jpg 768w, http:\/\/piekarscy.com.pl\/wp-content\/uploads\/2016\/02\/mydlo20-1024x710.jpg 1024w, http:\/\/piekarscy.com.pl\/wp-content\/uploads\/2016\/02\/mydlo20-624x433.jpg 624w\" sizes=\"auto, (max-width: 300px) 100vw, 300px\" \/><\/a> <a href=\"http:\/\/piekarscy.com.pl\/wp-content\/uploads\/2016\/02\/mydlo21.jpg\" rel=\"attachment wp-att-6419\"><img loading=\"lazy\" decoding=\"async\" class=\"aligncenter size-medium wp-image-6419\" src=\"http:\/\/piekarscy.com.pl\/wp-content\/uploads\/2016\/02\/mydlo21-300x211.jpg\" alt=\"mydlo21\" width=\"300\" height=\"211\" srcset=\"http:\/\/piekarscy.com.pl\/wp-content\/uploads\/2016\/02\/mydlo21-300x211.jpg 300w, http:\/\/piekarscy.com.pl\/wp-content\/uploads\/2016\/02\/mydlo21-768x541.jpg 768w, http:\/\/piekarscy.com.pl\/wp-content\/uploads\/2016\/02\/mydlo21-1024x721.jpg 1024w, http:\/\/piekarscy.com.pl\/wp-content\/uploads\/2016\/02\/mydlo21-624x439.jpg 624w\" sizes=\"auto, (max-width: 300px) 100vw, 300px\" \/><\/a><\/p>\n","protected":false},"excerpt":{"rendered":"<p>\u201eMyd\u0142o i jego fabrykacja\u201d to zeszyt pradziadka Ludwika Piekarskiego z przepisami na myd\u0142a. Niestety nie zachowa\u0142a si\u0119 pierwsza strona. Oto jego cz\u0119\u015b\u0107 si\u00f3dma.<\/p>\n","protected":false},"author":1,"featured_media":0,"comment_status":"closed","ping_status":"closed","sticky":false,"template":"","format":"standard","meta":{"footnotes":""},"categories":[3],"tags":[32,29,39,802,615],"class_list":["post-6412","post","type-post","status-publish","format-standard","hentry","category-piekarscy","tag-ludwik-piekarski","tag-ludwik-roch-piekarski","tag-ludwik-rola-piekarski","tag-mydlo-i-jego-fabrykacja","tag-zeszyt"],"_links":{"self":[{"href":"http:\/\/piekarscy.com.pl\/index.php?rest_route=\/wp\/v2\/posts\/6412","targetHints":{"allow":["GET"]}}],"collection":[{"href":"http:\/\/piekarscy.com.pl\/index.php?rest_route=\/wp\/v2\/posts"}],"about":[{"href":"http:\/\/piekarscy.com.pl\/index.php?rest_route=\/wp\/v2\/types\/post"}],"author":[{"embeddable":true,"href":"http:\/\/piekarscy.com.pl\/index.php?rest_route=\/wp\/v2\/users\/1"}],"replies":[{"embeddable":true,"href":"http:\/\/piekarscy.com.pl\/index.php?rest_route=%2Fwp%2Fv2%2Fcomments&post=6412"}],"version-history":[{"count":2,"href":"http:\/\/piekarscy.com.pl\/index.php?rest_route=\/wp\/v2\/posts\/6412\/revisions"}],"predecessor-version":[{"id":6420,"href":"http:\/\/piekarscy.com.pl\/index.php?rest_route=\/wp\/v2\/posts\/6412\/revisions\/6420"}],"wp:attachment":[{"href":"http:\/\/piekarscy.com.pl\/index.php?rest_route=%2Fwp%2Fv2%2Fmedia&parent=6412"}],"wp:term":[{"taxonomy":"category","embeddable":true,"href":"http:\/\/piekarscy.com.pl\/index.php?rest_route=%2Fwp%2Fv2%2Fcategories&post=6412"},{"taxonomy":"post_tag","embeddable":true,"href":"http:\/\/piekarscy.com.pl\/index.php?rest_route=%2Fwp%2Fv2%2Ftags&post=6412"}],"curies":[{"name":"wp","href":"https:\/\/api.w.org\/{rel}","templated":true}]}}