{"id":6423,"date":"2016-02-08T02:10:48","date_gmt":"2016-02-08T02:10:48","guid":{"rendered":"http:\/\/piekarscy.com.pl\/?p=6423"},"modified":"2016-02-01T12:20:50","modified_gmt":"2016-02-01T12:20:50","slug":"zeszyt-z-mydlanymi-notatkami-pradziadka-cz-9","status":"publish","type":"post","link":"http:\/\/piekarscy.com.pl\/?p=6423","title":{"rendered":"Zeszyt z \u201emydlanymi\u201d notatkami pradziadka cz. 9"},"content":{"rendered":"<p>\u201eMyd\u0142o i jego fabrykacja\u201d to zeszyt pradziadka Ludwika Piekarskiego z przepisami na myd\u0142a. Niestety nie zachowa\u0142a si\u0119 pierwsza strona. Oto jego cz\u0119\u015b\u0107 dziewi\u0105ta.<\/p>\n<p><a href=\"http:\/\/piekarscy.com.pl\/wp-content\/uploads\/2016\/02\/mydlo25.jpg\" rel=\"attachment wp-att-6431\"><img loading=\"lazy\" decoding=\"async\" class=\"aligncenter size-medium wp-image-6431\" src=\"http:\/\/piekarscy.com.pl\/wp-content\/uploads\/2016\/02\/mydlo25-300x214.jpg\" alt=\"mydlo25\" width=\"300\" height=\"214\" srcset=\"http:\/\/piekarscy.com.pl\/wp-content\/uploads\/2016\/02\/mydlo25-300x214.jpg 300w, http:\/\/piekarscy.com.pl\/wp-content\/uploads\/2016\/02\/mydlo25-768x548.jpg 768w, http:\/\/piekarscy.com.pl\/wp-content\/uploads\/2016\/02\/mydlo25-1024x730.jpg 1024w, http:\/\/piekarscy.com.pl\/wp-content\/uploads\/2016\/02\/mydlo25-624x445.jpg 624w\" sizes=\"auto, (max-width: 300px) 100vw, 300px\" \/><\/a> <a href=\"http:\/\/piekarscy.com.pl\/wp-content\/uploads\/2016\/02\/mydlo26.jpg\" rel=\"attachment wp-att-6432\"><img loading=\"lazy\" decoding=\"async\" class=\"aligncenter size-medium wp-image-6432\" src=\"http:\/\/piekarscy.com.pl\/wp-content\/uploads\/2016\/02\/mydlo26-300x210.jpg\" alt=\"mydlo26\" width=\"300\" height=\"210\" srcset=\"http:\/\/piekarscy.com.pl\/wp-content\/uploads\/2016\/02\/mydlo26-300x210.jpg 300w, http:\/\/piekarscy.com.pl\/wp-content\/uploads\/2016\/02\/mydlo26-768x537.jpg 768w, http:\/\/piekarscy.com.pl\/wp-content\/uploads\/2016\/02\/mydlo26-1024x716.jpg 1024w, http:\/\/piekarscy.com.pl\/wp-content\/uploads\/2016\/02\/mydlo26-624x436.jpg 624w\" sizes=\"auto, (max-width: 300px) 100vw, 300px\" \/><\/a> <a href=\"http:\/\/piekarscy.com.pl\/wp-content\/uploads\/2016\/02\/mydlo27.jpg\" rel=\"attachment wp-att-6433\"><img loading=\"lazy\" decoding=\"async\" class=\"aligncenter size-medium wp-image-6433\" src=\"http:\/\/piekarscy.com.pl\/wp-content\/uploads\/2016\/02\/mydlo27-300x207.jpg\" alt=\"mydlo27\" width=\"300\" height=\"207\" srcset=\"http:\/\/piekarscy.com.pl\/wp-content\/uploads\/2016\/02\/mydlo27-300x207.jpg 300w, http:\/\/piekarscy.com.pl\/wp-content\/uploads\/2016\/02\/mydlo27-768x529.jpg 768w, http:\/\/piekarscy.com.pl\/wp-content\/uploads\/2016\/02\/mydlo27-1024x705.jpg 1024w, http:\/\/piekarscy.com.pl\/wp-content\/uploads\/2016\/02\/mydlo27-624x430.jpg 624w\" sizes=\"auto, (max-width: 300px) 100vw, 300px\" \/><\/a><\/p>\n<p>&nbsp;<\/p>\n","protected":false},"excerpt":{"rendered":"<p>\u201eMyd\u0142o i jego fabrykacja\u201d to zeszyt pradziadka Ludwika Piekarskiego z przepisami na myd\u0142a. Niestety nie zachowa\u0142a si\u0119 pierwsza strona. Oto jego cz\u0119\u015b\u0107 dziewi\u0105ta. &nbsp;<\/p>\n","protected":false},"author":1,"featured_media":0,"comment_status":"closed","ping_status":"closed","sticky":false,"template":"","format":"standard","meta":{"footnotes":""},"categories":[3],"tags":[32,29,39,802,615],"class_list":["post-6423","post","type-post","status-publish","format-standard","hentry","category-piekarscy","tag-ludwik-piekarski","tag-ludwik-roch-piekarski","tag-ludwik-rola-piekarski","tag-mydlo-i-jego-fabrykacja","tag-zeszyt"],"_links":{"self":[{"href":"http:\/\/piekarscy.com.pl\/index.php?rest_route=\/wp\/v2\/posts\/6423","targetHints":{"allow":["GET"]}}],"collection":[{"href":"http:\/\/piekarscy.com.pl\/index.php?rest_route=\/wp\/v2\/posts"}],"about":[{"href":"http:\/\/piekarscy.com.pl\/index.php?rest_route=\/wp\/v2\/types\/post"}],"author":[{"embeddable":true,"href":"http:\/\/piekarscy.com.pl\/index.php?rest_route=\/wp\/v2\/users\/1"}],"replies":[{"embeddable":true,"href":"http:\/\/piekarscy.com.pl\/index.php?rest_route=%2Fwp%2Fv2%2Fcomments&post=6423"}],"version-history":[{"count":3,"href":"http:\/\/piekarscy.com.pl\/index.php?rest_route=\/wp\/v2\/posts\/6423\/revisions"}],"predecessor-version":[{"id":6435,"href":"http:\/\/piekarscy.com.pl\/index.php?rest_route=\/wp\/v2\/posts\/6423\/revisions\/6435"}],"wp:attachment":[{"href":"http:\/\/piekarscy.com.pl\/index.php?rest_route=%2Fwp%2Fv2%2Fmedia&parent=6423"}],"wp:term":[{"taxonomy":"category","embeddable":true,"href":"http:\/\/piekarscy.com.pl\/index.php?rest_route=%2Fwp%2Fv2%2Fcategories&post=6423"},{"taxonomy":"post_tag","embeddable":true,"href":"http:\/\/piekarscy.com.pl\/index.php?rest_route=%2Fwp%2Fv2%2Ftags&post=6423"}],"curies":[{"name":"wp","href":"https:\/\/api.w.org\/{rel}","templated":true}]}}