{"id":6434,"date":"2016-02-09T02:20:06","date_gmt":"2016-02-09T02:20:06","guid":{"rendered":"http:\/\/piekarscy.com.pl\/?p=6434"},"modified":"2016-02-01T12:49:50","modified_gmt":"2016-02-01T12:49:50","slug":"zeszyt-z-mydlanymi-notatkami-pradziadka-cz-10","status":"publish","type":"post","link":"http:\/\/piekarscy.com.pl\/?p=6434","title":{"rendered":"Zeszyt z \u201emydlanymi\u201d notatkami pradziadka cz. 10"},"content":{"rendered":"<p>\u201eMyd\u0142o i jego fabrykacja\u201d to zeszyt pradziadka Ludwika Piekarskiego z przepisami na myd\u0142a. Niestety nie zachowa\u0142a si\u0119 pierwsza strona. Oto jego cz\u0119\u015b\u0107 dziesi\u0105ta.<\/p>\n<p><a href=\"http:\/\/piekarscy.com.pl\/wp-content\/uploads\/2016\/02\/mydlo28.jpg\" rel=\"attachment wp-att-6437\"><img loading=\"lazy\" decoding=\"async\" class=\"aligncenter size-medium wp-image-6437\" src=\"http:\/\/piekarscy.com.pl\/wp-content\/uploads\/2016\/02\/mydlo28-300x211.jpg\" alt=\"mydlo28\" width=\"300\" height=\"211\" srcset=\"http:\/\/piekarscy.com.pl\/wp-content\/uploads\/2016\/02\/mydlo28-300x211.jpg 300w, http:\/\/piekarscy.com.pl\/wp-content\/uploads\/2016\/02\/mydlo28-768x541.jpg 768w, http:\/\/piekarscy.com.pl\/wp-content\/uploads\/2016\/02\/mydlo28-1024x721.jpg 1024w, http:\/\/piekarscy.com.pl\/wp-content\/uploads\/2016\/02\/mydlo28-624x439.jpg 624w\" sizes=\"auto, (max-width: 300px) 100vw, 300px\" \/><\/a> <a href=\"http:\/\/piekarscy.com.pl\/wp-content\/uploads\/2016\/02\/mydlo29.jpg\" rel=\"attachment wp-att-6438\"><img loading=\"lazy\" decoding=\"async\" class=\"aligncenter size-medium wp-image-6438\" src=\"http:\/\/piekarscy.com.pl\/wp-content\/uploads\/2016\/02\/mydlo29-300x214.jpg\" alt=\"mydlo29\" width=\"300\" height=\"214\" srcset=\"http:\/\/piekarscy.com.pl\/wp-content\/uploads\/2016\/02\/mydlo29-300x214.jpg 300w, http:\/\/piekarscy.com.pl\/wp-content\/uploads\/2016\/02\/mydlo29-768x548.jpg 768w, http:\/\/piekarscy.com.pl\/wp-content\/uploads\/2016\/02\/mydlo29-1024x730.jpg 1024w, http:\/\/piekarscy.com.pl\/wp-content\/uploads\/2016\/02\/mydlo29-624x445.jpg 624w\" sizes=\"auto, (max-width: 300px) 100vw, 300px\" \/><\/a> <a href=\"http:\/\/piekarscy.com.pl\/wp-content\/uploads\/2016\/02\/mydlo30.jpg\" rel=\"attachment wp-att-6439\"><img loading=\"lazy\" decoding=\"async\" class=\"aligncenter size-medium wp-image-6439\" src=\"http:\/\/piekarscy.com.pl\/wp-content\/uploads\/2016\/02\/mydlo30-300x212.jpg\" alt=\"mydlo30\" width=\"300\" height=\"212\" srcset=\"http:\/\/piekarscy.com.pl\/wp-content\/uploads\/2016\/02\/mydlo30-300x212.jpg 300w, http:\/\/piekarscy.com.pl\/wp-content\/uploads\/2016\/02\/mydlo30-768x542.jpg 768w, http:\/\/piekarscy.com.pl\/wp-content\/uploads\/2016\/02\/mydlo30-1024x722.jpg 1024w, http:\/\/piekarscy.com.pl\/wp-content\/uploads\/2016\/02\/mydlo30-624x440.jpg 624w\" sizes=\"auto, (max-width: 300px) 100vw, 300px\" \/><\/a><\/p>\n","protected":false},"excerpt":{"rendered":"<p>\u201eMyd\u0142o i jego fabrykacja\u201d to zeszyt pradziadka Ludwika Piekarskiego z przepisami na myd\u0142a. Niestety nie zachowa\u0142a si\u0119 pierwsza strona. Oto jego cz\u0119\u015b\u0107 dziesi\u0105ta.<\/p>\n","protected":false},"author":1,"featured_media":0,"comment_status":"closed","ping_status":"closed","sticky":false,"template":"","format":"standard","meta":{"footnotes":""},"categories":[3],"tags":[32,29,39,802,615],"class_list":["post-6434","post","type-post","status-publish","format-standard","hentry","category-piekarscy","tag-ludwik-piekarski","tag-ludwik-roch-piekarski","tag-ludwik-rola-piekarski","tag-mydlo-i-jego-fabrykacja","tag-zeszyt"],"_links":{"self":[{"href":"http:\/\/piekarscy.com.pl\/index.php?rest_route=\/wp\/v2\/posts\/6434","targetHints":{"allow":["GET"]}}],"collection":[{"href":"http:\/\/piekarscy.com.pl\/index.php?rest_route=\/wp\/v2\/posts"}],"about":[{"href":"http:\/\/piekarscy.com.pl\/index.php?rest_route=\/wp\/v2\/types\/post"}],"author":[{"embeddable":true,"href":"http:\/\/piekarscy.com.pl\/index.php?rest_route=\/wp\/v2\/users\/1"}],"replies":[{"embeddable":true,"href":"http:\/\/piekarscy.com.pl\/index.php?rest_route=%2Fwp%2Fv2%2Fcomments&post=6434"}],"version-history":[{"count":4,"href":"http:\/\/piekarscy.com.pl\/index.php?rest_route=\/wp\/v2\/posts\/6434\/revisions"}],"predecessor-version":[{"id":6444,"href":"http:\/\/piekarscy.com.pl\/index.php?rest_route=\/wp\/v2\/posts\/6434\/revisions\/6444"}],"wp:attachment":[{"href":"http:\/\/piekarscy.com.pl\/index.php?rest_route=%2Fwp%2Fv2%2Fmedia&parent=6434"}],"wp:term":[{"taxonomy":"category","embeddable":true,"href":"http:\/\/piekarscy.com.pl\/index.php?rest_route=%2Fwp%2Fv2%2Fcategories&post=6434"},{"taxonomy":"post_tag","embeddable":true,"href":"http:\/\/piekarscy.com.pl\/index.php?rest_route=%2Fwp%2Fv2%2Ftags&post=6434"}],"curies":[{"name":"wp","href":"https:\/\/api.w.org\/{rel}","templated":true}]}}