{"id":644,"date":"2014-01-03T00:39:40","date_gmt":"2014-01-03T00:39:40","guid":{"rendered":"http:\/\/piekarscy.com.pl\/?p=644"},"modified":"2013-12-30T13:40:38","modified_gmt":"2013-12-30T13:40:38","slug":"swiadectwo-szczepienia-macieja-piekarskiego-czyli-mojego-taty","status":"publish","type":"post","link":"http:\/\/piekarscy.com.pl\/?p=644","title":{"rendered":"\u015awiadectwo szczepienia Macieja Piekarskiego, czyli mojego taty"},"content":{"rendered":"<p>P\u00f3\u0142roczne dziecko zosta\u0142o zaszczepione&#8230;<\/p>\n<p><a href=\"http:\/\/piekarscy.com.pl\/wp-content\/uploads\/2013\/12\/szczepienie-macieja-na-ospe.jpg\"><img loading=\"lazy\" decoding=\"async\" class=\"aligncenter size-medium wp-image-645\" alt=\"szczepienie macieja na ospe\" src=\"http:\/\/piekarscy.com.pl\/wp-content\/uploads\/2013\/12\/szczepienie-macieja-na-ospe-300x206.jpg\" width=\"300\" height=\"206\" srcset=\"http:\/\/piekarscy.com.pl\/wp-content\/uploads\/2013\/12\/szczepienie-macieja-na-ospe-300x206.jpg 300w, http:\/\/piekarscy.com.pl\/wp-content\/uploads\/2013\/12\/szczepienie-macieja-na-ospe-624x430.jpg 624w, http:\/\/piekarscy.com.pl\/wp-content\/uploads\/2013\/12\/szczepienie-macieja-na-ospe.jpg 1024w\" sizes=\"auto, (max-width: 300px) 100vw, 300px\" \/><\/a><\/p>\n","protected":false},"excerpt":{"rendered":"<p>P\u00f3\u0142roczne dziecko zosta\u0142o zaszczepione&#8230;<\/p>\n","protected":false},"author":1,"featured_media":0,"comment_status":"closed","ping_status":"open","sticky":false,"template":"","format":"standard","meta":{"footnotes":""},"categories":[3],"tags":[80,140,139,92],"class_list":["post-644","post","type-post","status-publish","format-standard","hentry","category-piekarscy","tag-dokument","tag-maciej-pawel-piekarski","tag-maciej-piekarski","tag-swiadectwo-szczepienia"],"_links":{"self":[{"href":"http:\/\/piekarscy.com.pl\/index.php?rest_route=\/wp\/v2\/posts\/644","targetHints":{"allow":["GET"]}}],"collection":[{"href":"http:\/\/piekarscy.com.pl\/index.php?rest_route=\/wp\/v2\/posts"}],"about":[{"href":"http:\/\/piekarscy.com.pl\/index.php?rest_route=\/wp\/v2\/types\/post"}],"author":[{"embeddable":true,"href":"http:\/\/piekarscy.com.pl\/index.php?rest_route=\/wp\/v2\/users\/1"}],"replies":[{"embeddable":true,"href":"http:\/\/piekarscy.com.pl\/index.php?rest_route=%2Fwp%2Fv2%2Fcomments&post=644"}],"version-history":[{"count":2,"href":"http:\/\/piekarscy.com.pl\/index.php?rest_route=\/wp\/v2\/posts\/644\/revisions"}],"predecessor-version":[{"id":647,"href":"http:\/\/piekarscy.com.pl\/index.php?rest_route=\/wp\/v2\/posts\/644\/revisions\/647"}],"wp:attachment":[{"href":"http:\/\/piekarscy.com.pl\/index.php?rest_route=%2Fwp%2Fv2%2Fmedia&parent=644"}],"wp:term":[{"taxonomy":"category","embeddable":true,"href":"http:\/\/piekarscy.com.pl\/index.php?rest_route=%2Fwp%2Fv2%2Fcategories&post=644"},{"taxonomy":"post_tag","embeddable":true,"href":"http:\/\/piekarscy.com.pl\/index.php?rest_route=%2Fwp%2Fv2%2Ftags&post=644"}],"curies":[{"name":"wp","href":"https:\/\/api.w.org\/{rel}","templated":true}]}}