{"id":6458,"date":"2016-02-12T02:55:59","date_gmt":"2016-02-12T02:55:59","guid":{"rendered":"http:\/\/piekarscy.com.pl\/?p=6458"},"modified":"2016-02-01T13:01:40","modified_gmt":"2016-02-01T13:01:40","slug":"zeszyt-z-mydlanymi-notatkami-pradziadka-cz-13","status":"publish","type":"post","link":"http:\/\/piekarscy.com.pl\/?p=6458","title":{"rendered":"Zeszyt z \u201emydlanymi\u201d notatkami pradziadka cz. 13"},"content":{"rendered":"<p>\u201eMyd\u0142o i jego fabrykacja\u201d to zeszyt pradziadka Ludwika Piekarskiego z przepisami na myd\u0142a. Niestety nie zachowa\u0142a si\u0119 pierwsza strona. Oto jego cz\u0119\u015b\u0107 trzynasta.<\/p>\n<p><a href=\"http:\/\/piekarscy.com.pl\/wp-content\/uploads\/2016\/02\/mydlo37.jpg\" rel=\"attachment wp-att-6461\"><img loading=\"lazy\" decoding=\"async\" class=\"aligncenter size-medium wp-image-6461\" src=\"http:\/\/piekarscy.com.pl\/wp-content\/uploads\/2016\/02\/mydlo37-300x212.jpg\" alt=\"mydlo37\" width=\"300\" height=\"212\" srcset=\"http:\/\/piekarscy.com.pl\/wp-content\/uploads\/2016\/02\/mydlo37-300x212.jpg 300w, http:\/\/piekarscy.com.pl\/wp-content\/uploads\/2016\/02\/mydlo37-768x542.jpg 768w, http:\/\/piekarscy.com.pl\/wp-content\/uploads\/2016\/02\/mydlo37-1024x723.jpg 1024w, http:\/\/piekarscy.com.pl\/wp-content\/uploads\/2016\/02\/mydlo37-624x441.jpg 624w\" sizes=\"auto, (max-width: 300px) 100vw, 300px\" \/><\/a> <a href=\"http:\/\/piekarscy.com.pl\/wp-content\/uploads\/2016\/02\/mydlo38.jpg\" rel=\"attachment wp-att-6462\"><img loading=\"lazy\" decoding=\"async\" class=\"aligncenter size-medium wp-image-6462\" src=\"http:\/\/piekarscy.com.pl\/wp-content\/uploads\/2016\/02\/mydlo38-300x213.jpg\" alt=\"mydlo38\" width=\"300\" height=\"213\" srcset=\"http:\/\/piekarscy.com.pl\/wp-content\/uploads\/2016\/02\/mydlo38-300x213.jpg 300w, http:\/\/piekarscy.com.pl\/wp-content\/uploads\/2016\/02\/mydlo38-768x546.jpg 768w, http:\/\/piekarscy.com.pl\/wp-content\/uploads\/2016\/02\/mydlo38-1024x728.jpg 1024w, http:\/\/piekarscy.com.pl\/wp-content\/uploads\/2016\/02\/mydlo38-624x444.jpg 624w\" sizes=\"auto, (max-width: 300px) 100vw, 300px\" \/><\/a> <a href=\"http:\/\/piekarscy.com.pl\/wp-content\/uploads\/2016\/02\/mydlo39.jpg\" rel=\"attachment wp-att-6463\"><img loading=\"lazy\" decoding=\"async\" class=\"aligncenter size-medium wp-image-6463\" src=\"http:\/\/piekarscy.com.pl\/wp-content\/uploads\/2016\/02\/mydlo39-300x211.jpg\" alt=\"mydlo39\" width=\"300\" height=\"211\" srcset=\"http:\/\/piekarscy.com.pl\/wp-content\/uploads\/2016\/02\/mydlo39-300x211.jpg 300w, http:\/\/piekarscy.com.pl\/wp-content\/uploads\/2016\/02\/mydlo39-768x539.jpg 768w, http:\/\/piekarscy.com.pl\/wp-content\/uploads\/2016\/02\/mydlo39-1024x719.jpg 1024w, http:\/\/piekarscy.com.pl\/wp-content\/uploads\/2016\/02\/mydlo39-624x438.jpg 624w\" sizes=\"auto, (max-width: 300px) 100vw, 300px\" \/><\/a><\/p>\n","protected":false},"excerpt":{"rendered":"<p>\u201eMyd\u0142o i jego fabrykacja\u201d to zeszyt pradziadka Ludwika Piekarskiego z przepisami na myd\u0142a. Niestety nie zachowa\u0142a si\u0119 pierwsza strona. Oto jego cz\u0119\u015b\u0107 trzynasta.<\/p>\n","protected":false},"author":1,"featured_media":0,"comment_status":"closed","ping_status":"closed","sticky":false,"template":"","format":"standard","meta":{"footnotes":""},"categories":[3],"tags":[32,29,39,802,615],"class_list":["post-6458","post","type-post","status-publish","format-standard","hentry","category-piekarscy","tag-ludwik-piekarski","tag-ludwik-roch-piekarski","tag-ludwik-rola-piekarski","tag-mydlo-i-jego-fabrykacja","tag-zeszyt"],"_links":{"self":[{"href":"http:\/\/piekarscy.com.pl\/index.php?rest_route=\/wp\/v2\/posts\/6458","targetHints":{"allow":["GET"]}}],"collection":[{"href":"http:\/\/piekarscy.com.pl\/index.php?rest_route=\/wp\/v2\/posts"}],"about":[{"href":"http:\/\/piekarscy.com.pl\/index.php?rest_route=\/wp\/v2\/types\/post"}],"author":[{"embeddable":true,"href":"http:\/\/piekarscy.com.pl\/index.php?rest_route=\/wp\/v2\/users\/1"}],"replies":[{"embeddable":true,"href":"http:\/\/piekarscy.com.pl\/index.php?rest_route=%2Fwp%2Fv2%2Fcomments&post=6458"}],"version-history":[{"count":3,"href":"http:\/\/piekarscy.com.pl\/index.php?rest_route=\/wp\/v2\/posts\/6458\/revisions"}],"predecessor-version":[{"id":6466,"href":"http:\/\/piekarscy.com.pl\/index.php?rest_route=\/wp\/v2\/posts\/6458\/revisions\/6466"}],"wp:attachment":[{"href":"http:\/\/piekarscy.com.pl\/index.php?rest_route=%2Fwp%2Fv2%2Fmedia&parent=6458"}],"wp:term":[{"taxonomy":"category","embeddable":true,"href":"http:\/\/piekarscy.com.pl\/index.php?rest_route=%2Fwp%2Fv2%2Fcategories&post=6458"},{"taxonomy":"post_tag","embeddable":true,"href":"http:\/\/piekarscy.com.pl\/index.php?rest_route=%2Fwp%2Fv2%2Ftags&post=6458"}],"curies":[{"name":"wp","href":"https:\/\/api.w.org\/{rel}","templated":true}]}}