{"id":6583,"date":"2016-03-08T02:14:32","date_gmt":"2016-03-08T02:14:32","guid":{"rendered":"http:\/\/piekarscy.com.pl\/?p=6583"},"modified":"2016-02-01T18:24:47","modified_gmt":"2016-02-01T18:24:47","slug":"wiersz","status":"publish","type":"post","link":"http:\/\/piekarscy.com.pl\/?p=6583","title":{"rendered":"Wiersz&#8230;"},"content":{"rendered":"<p>Kolejny dokument z obszernej teczki pradziadka Ludwika Piekarskiego. Wiersz, kt\u00f3rego nie mog\u0119 odczyta\u0107.<\/p>\n<p><a href=\"http:\/\/piekarscy.com.pl\/wp-content\/uploads\/2016\/02\/wiersz.jpg\" rel=\"attachment wp-att-6584\"><img loading=\"lazy\" decoding=\"async\" class=\"aligncenter size-medium wp-image-6584\" src=\"http:\/\/piekarscy.com.pl\/wp-content\/uploads\/2016\/02\/wiersz-232x300.jpg\" alt=\"wiersz\" width=\"232\" height=\"300\" srcset=\"http:\/\/piekarscy.com.pl\/wp-content\/uploads\/2016\/02\/wiersz-232x300.jpg 232w, http:\/\/piekarscy.com.pl\/wp-content\/uploads\/2016\/02\/wiersz-768x991.jpg 768w, http:\/\/piekarscy.com.pl\/wp-content\/uploads\/2016\/02\/wiersz-793x1024.jpg 793w, http:\/\/piekarscy.com.pl\/wp-content\/uploads\/2016\/02\/wiersz-624x805.jpg 624w\" sizes=\"auto, (max-width: 232px) 100vw, 232px\" \/><\/a> <a href=\"http:\/\/piekarscy.com.pl\/wp-content\/uploads\/2016\/02\/wiersz2.jpg\" rel=\"attachment wp-att-6585\"><img loading=\"lazy\" decoding=\"async\" class=\"aligncenter size-medium wp-image-6585\" src=\"http:\/\/piekarscy.com.pl\/wp-content\/uploads\/2016\/02\/wiersz2-239x300.jpg\" alt=\"wiersz2\" width=\"239\" height=\"300\" srcset=\"http:\/\/piekarscy.com.pl\/wp-content\/uploads\/2016\/02\/wiersz2-239x300.jpg 239w, http:\/\/piekarscy.com.pl\/wp-content\/uploads\/2016\/02\/wiersz2-768x965.jpg 768w, http:\/\/piekarscy.com.pl\/wp-content\/uploads\/2016\/02\/wiersz2-815x1024.jpg 815w, http:\/\/piekarscy.com.pl\/wp-content\/uploads\/2016\/02\/wiersz2-624x784.jpg 624w\" sizes=\"auto, (max-width: 239px) 100vw, 239px\" \/><\/a><\/p>\n","protected":false},"excerpt":{"rendered":"<p>Kolejny dokument z obszernej teczki pradziadka Ludwika Piekarskiego. Wiersz, kt\u00f3rego nie mog\u0119 odczyta\u0107.<\/p>\n","protected":false},"author":1,"featured_media":0,"comment_status":"closed","ping_status":"closed","sticky":false,"template":"","format":"standard","meta":{"footnotes":""},"categories":[3],"tags":[80,32,29,39,172],"class_list":["post-6583","post","type-post","status-publish","format-standard","hentry","category-piekarscy","tag-dokument","tag-ludwik-piekarski","tag-ludwik-roch-piekarski","tag-ludwik-rola-piekarski","tag-wiersz"],"_links":{"self":[{"href":"http:\/\/piekarscy.com.pl\/index.php?rest_route=\/wp\/v2\/posts\/6583","targetHints":{"allow":["GET"]}}],"collection":[{"href":"http:\/\/piekarscy.com.pl\/index.php?rest_route=\/wp\/v2\/posts"}],"about":[{"href":"http:\/\/piekarscy.com.pl\/index.php?rest_route=\/wp\/v2\/types\/post"}],"author":[{"embeddable":true,"href":"http:\/\/piekarscy.com.pl\/index.php?rest_route=\/wp\/v2\/users\/1"}],"replies":[{"embeddable":true,"href":"http:\/\/piekarscy.com.pl\/index.php?rest_route=%2Fwp%2Fv2%2Fcomments&post=6583"}],"version-history":[{"count":1,"href":"http:\/\/piekarscy.com.pl\/index.php?rest_route=\/wp\/v2\/posts\/6583\/revisions"}],"predecessor-version":[{"id":6586,"href":"http:\/\/piekarscy.com.pl\/index.php?rest_route=\/wp\/v2\/posts\/6583\/revisions\/6586"}],"wp:attachment":[{"href":"http:\/\/piekarscy.com.pl\/index.php?rest_route=%2Fwp%2Fv2%2Fmedia&parent=6583"}],"wp:term":[{"taxonomy":"category","embeddable":true,"href":"http:\/\/piekarscy.com.pl\/index.php?rest_route=%2Fwp%2Fv2%2Fcategories&post=6583"},{"taxonomy":"post_tag","embeddable":true,"href":"http:\/\/piekarscy.com.pl\/index.php?rest_route=%2Fwp%2Fv2%2Ftags&post=6583"}],"curies":[{"name":"wp","href":"https:\/\/api.w.org\/{rel}","templated":true}]}}