{"id":6620,"date":"2016-03-15T05:53:44","date_gmt":"2016-03-15T05:53:44","guid":{"rendered":"http:\/\/piekarscy.com.pl\/?p=6620"},"modified":"2016-03-18T20:53:20","modified_gmt":"2016-03-18T20:53:20","slug":"ktokolwiek-widzial","status":"publish","type":"post","link":"http:\/\/piekarscy.com.pl\/?p=6620","title":{"rendered":"Ktokolwiek widzia\u0142&#8230;"},"content":{"rendered":"<p>Brat mojej pierwszej te\u015bciowej &#8211; Czes\u0142aw Demianiuk. Przed wojn\u0105 tancerz. Pseudonim S\u0142aw Doma\u0144ski.\u00a0Rodzina mieszka\u0142a na Freta 3 (tam gdzie dzi\u015b restauracja &#8222;Pod Samsonem&#8221;). W czasie powstania warszawskiego spali\u0142 si\u0119 dom wraz z ca\u0142ym maj\u0105tkiem. Rodzina by\u0142a na wakacjach w Ko\u0144skich.\u00a0\u00a0Nie mieli do czego wraca\u0107. Czes\u0142aw nie by\u0142 z nimi. Znalaz\u0142 si\u0119 po wojnie. To fotografia, kt\u00f3ra s\u0142u\u017cy\u0142a do powojennych poszukiwa\u0144 zaginionego, a przed wojn\u0105 do reklamowania jego, jako zawodowego tancerza. Niestety nie wiem gdzie ta\u0144czy\u0142. Zmar\u0142 w USA. Bardzo lubi\u0119 t\u0119 fotografi\u0119.<\/p>\n<p><a href=\"http:\/\/piekarscy.com.pl\/wp-content\/uploads\/2016\/03\/s\u0142aw.jpg\" rel=\"attachment wp-att-6621\"><img loading=\"lazy\" decoding=\"async\" class=\"aligncenter size-medium wp-image-6621\" src=\"http:\/\/piekarscy.com.pl\/wp-content\/uploads\/2016\/03\/s\u0142aw-190x300.jpg\" alt=\"s\u0142aw\" width=\"190\" height=\"300\" srcset=\"http:\/\/piekarscy.com.pl\/wp-content\/uploads\/2016\/03\/s\u0142aw-190x300.jpg 190w, http:\/\/piekarscy.com.pl\/wp-content\/uploads\/2016\/03\/s\u0142aw-768x1213.jpg 768w, http:\/\/piekarscy.com.pl\/wp-content\/uploads\/2016\/03\/s\u0142aw-649x1024.jpg 649w, http:\/\/piekarscy.com.pl\/wp-content\/uploads\/2016\/03\/s\u0142aw-624x985.jpg 624w, http:\/\/piekarscy.com.pl\/wp-content\/uploads\/2016\/03\/s\u0142aw.jpg 1052w\" sizes=\"auto, (max-width: 190px) 100vw, 190px\" \/><\/a><\/p>\n","protected":false},"excerpt":{"rendered":"<p>Brat mojej pierwszej te\u015bciowej &#8211; Czes\u0142aw Demianiuk. Przed wojn\u0105 tancerz. Pseudonim S\u0142aw Doma\u0144ski.\u00a0Rodzina mieszka\u0142a na Freta 3 (tam gdzie dzi\u015b restauracja &#8222;Pod Samsonem&#8221;). W czasie powstania warszawskiego spali\u0142 si\u0119 dom wraz z ca\u0142ym maj\u0105tkiem. Rodzina by\u0142a na wakacjach w Ko\u0144skich.\u00a0\u00a0Nie mieli do czego wraca\u0107. Czes\u0142aw nie by\u0142 z nimi. Znalaz\u0142 si\u0119 po wojnie. To fotografia, [&hellip;]<\/p>\n","protected":false},"author":1,"featured_media":0,"comment_status":"closed","ping_status":"closed","sticky":false,"template":"","format":"standard","meta":{"footnotes":""},"categories":[826],"tags":[827,828],"class_list":["post-6620","post","type-post","status-publish","format-standard","hentry","category-demianiuk","tag-czeslaw-demianiuk","tag-slaw-domanski"],"_links":{"self":[{"href":"http:\/\/piekarscy.com.pl\/index.php?rest_route=\/wp\/v2\/posts\/6620","targetHints":{"allow":["GET"]}}],"collection":[{"href":"http:\/\/piekarscy.com.pl\/index.php?rest_route=\/wp\/v2\/posts"}],"about":[{"href":"http:\/\/piekarscy.com.pl\/index.php?rest_route=\/wp\/v2\/types\/post"}],"author":[{"embeddable":true,"href":"http:\/\/piekarscy.com.pl\/index.php?rest_route=\/wp\/v2\/users\/1"}],"replies":[{"embeddable":true,"href":"http:\/\/piekarscy.com.pl\/index.php?rest_route=%2Fwp%2Fv2%2Fcomments&post=6620"}],"version-history":[{"count":5,"href":"http:\/\/piekarscy.com.pl\/index.php?rest_route=\/wp\/v2\/posts\/6620\/revisions"}],"predecessor-version":[{"id":6656,"href":"http:\/\/piekarscy.com.pl\/index.php?rest_route=\/wp\/v2\/posts\/6620\/revisions\/6656"}],"wp:attachment":[{"href":"http:\/\/piekarscy.com.pl\/index.php?rest_route=%2Fwp%2Fv2%2Fmedia&parent=6620"}],"wp:term":[{"taxonomy":"category","embeddable":true,"href":"http:\/\/piekarscy.com.pl\/index.php?rest_route=%2Fwp%2Fv2%2Fcategories&post=6620"},{"taxonomy":"post_tag","embeddable":true,"href":"http:\/\/piekarscy.com.pl\/index.php?rest_route=%2Fwp%2Fv2%2Ftags&post=6620"}],"curies":[{"name":"wp","href":"https:\/\/api.w.org\/{rel}","templated":true}]}}