{"id":6626,"date":"2016-03-16T09:40:06","date_gmt":"2016-03-16T09:40:06","guid":{"rendered":"http:\/\/piekarscy.com.pl\/?p=6626"},"modified":"2016-03-16T11:50:18","modified_gmt":"2016-03-16T11:50:18","slug":"list-z-wiezienia-w-ostrolece","status":"publish","type":"post","link":"http:\/\/piekarscy.com.pl\/?p=6626","title":{"rendered":"List z wi\u0119zienia w Ostro\u0142\u0119ce"},"content":{"rendered":"<p>Oto kolejny list pochodz\u0105cy z teczki pradziadka Ludwika Piekarskiego. Zn\u00f3w dotyczy wi\u0119zienia. Adresatem by\u0142 W\u0142adys\u0142aw Szeliga-Skorupski. Naczelnik wi\u0119zienia w Katowicach przeniesiony do wi\u0119zienia w Ostro\u0142\u0119ce.\u00a0<a href=\"http:\/\/piekarscy.com.pl\/wp-content\/uploads\/2016\/03\/list-szeliga01.jpg\" rel=\"attachment wp-att-6627\"><img loading=\"lazy\" decoding=\"async\" class=\"aligncenter size-medium wp-image-6627\" src=\"http:\/\/piekarscy.com.pl\/wp-content\/uploads\/2016\/03\/list-szeliga01-215x300.jpg\" alt=\"list-szeliga01\" width=\"215\" height=\"300\" srcset=\"http:\/\/piekarscy.com.pl\/wp-content\/uploads\/2016\/03\/list-szeliga01-215x300.jpg 215w, http:\/\/piekarscy.com.pl\/wp-content\/uploads\/2016\/03\/list-szeliga01-768x1070.jpg 768w, http:\/\/piekarscy.com.pl\/wp-content\/uploads\/2016\/03\/list-szeliga01-735x1024.jpg 735w, http:\/\/piekarscy.com.pl\/wp-content\/uploads\/2016\/03\/list-szeliga01-624x870.jpg 624w\" sizes=\"auto, (max-width: 215px) 100vw, 215px\" \/><\/a> <a href=\"http:\/\/piekarscy.com.pl\/wp-content\/uploads\/2016\/03\/list-szeliga02.jpg\" rel=\"attachment wp-att-6628\"><img loading=\"lazy\" decoding=\"async\" class=\"aligncenter size-medium wp-image-6628\" src=\"http:\/\/piekarscy.com.pl\/wp-content\/uploads\/2016\/03\/list-szeliga02-228x300.jpg\" alt=\"list-szeliga02\" width=\"228\" height=\"300\" srcset=\"http:\/\/piekarscy.com.pl\/wp-content\/uploads\/2016\/03\/list-szeliga02-228x300.jpg 228w, http:\/\/piekarscy.com.pl\/wp-content\/uploads\/2016\/03\/list-szeliga02-768x1009.jpg 768w, http:\/\/piekarscy.com.pl\/wp-content\/uploads\/2016\/03\/list-szeliga02-780x1024.jpg 780w, http:\/\/piekarscy.com.pl\/wp-content\/uploads\/2016\/03\/list-szeliga02-624x820.jpg 624w\" sizes=\"auto, (max-width: 228px) 100vw, 228px\" \/><\/a><\/p>\n","protected":false},"excerpt":{"rendered":"<p>Oto kolejny list pochodz\u0105cy z teczki pradziadka Ludwika Piekarskiego. Zn\u00f3w dotyczy wi\u0119zienia. Adresatem by\u0142 W\u0142adys\u0142aw Szeliga-Skorupski. Naczelnik wi\u0119zienia w Katowicach przeniesiony do wi\u0119zienia w Ostro\u0142\u0119ce.\u00a0<\/p>\n","protected":false},"author":1,"featured_media":0,"comment_status":"closed","ping_status":"closed","sticky":false,"template":"","format":"standard","meta":{"footnotes":""},"categories":[3],"tags":[105,32,29,39,301,829,831],"class_list":["post-6626","post","type-post","status-publish","format-standard","hentry","category-piekarscy","tag-list","tag-ludwik-piekarski","tag-ludwik-roch-piekarski","tag-ludwik-rola-piekarski","tag-wiezienie","tag-wladyslaw-szeliga","tag-wladyslaw-szeliga-skorupski"],"_links":{"self":[{"href":"http:\/\/piekarscy.com.pl\/index.php?rest_route=\/wp\/v2\/posts\/6626","targetHints":{"allow":["GET"]}}],"collection":[{"href":"http:\/\/piekarscy.com.pl\/index.php?rest_route=\/wp\/v2\/posts"}],"about":[{"href":"http:\/\/piekarscy.com.pl\/index.php?rest_route=\/wp\/v2\/types\/post"}],"author":[{"embeddable":true,"href":"http:\/\/piekarscy.com.pl\/index.php?rest_route=\/wp\/v2\/users\/1"}],"replies":[{"embeddable":true,"href":"http:\/\/piekarscy.com.pl\/index.php?rest_route=%2Fwp%2Fv2%2Fcomments&post=6626"}],"version-history":[{"count":3,"href":"http:\/\/piekarscy.com.pl\/index.php?rest_route=\/wp\/v2\/posts\/6626\/revisions"}],"predecessor-version":[{"id":6644,"href":"http:\/\/piekarscy.com.pl\/index.php?rest_route=\/wp\/v2\/posts\/6626\/revisions\/6644"}],"wp:attachment":[{"href":"http:\/\/piekarscy.com.pl\/index.php?rest_route=%2Fwp%2Fv2%2Fmedia&parent=6626"}],"wp:term":[{"taxonomy":"category","embeddable":true,"href":"http:\/\/piekarscy.com.pl\/index.php?rest_route=%2Fwp%2Fv2%2Fcategories&post=6626"},{"taxonomy":"post_tag","embeddable":true,"href":"http:\/\/piekarscy.com.pl\/index.php?rest_route=%2Fwp%2Fv2%2Ftags&post=6626"}],"curies":[{"name":"wp","href":"https:\/\/api.w.org\/{rel}","templated":true}]}}