{"id":6637,"date":"2016-03-18T05:24:58","date_gmt":"2016-03-18T05:24:58","guid":{"rendered":"http:\/\/piekarscy.com.pl\/?p=6637"},"modified":"2016-03-16T11:37:31","modified_gmt":"2016-03-16T11:37:31","slug":"list-z-prosba-o-prace","status":"publish","type":"post","link":"http:\/\/piekarscy.com.pl\/?p=6637","title":{"rendered":"List z pro\u015bb\u0105 o prac\u0119"},"content":{"rendered":"<p>Kolejny list ze s\u0142ynnej teczki z dokumentami pradziadka Ludwika Piekarskiego. Oto pismo in\u017cyniera J\u00f3zefa Liebfelda (zm. 1979), kt\u00f3ry stara\u0142 si\u0119 o prac\u0119.<\/p>\n<p><a href=\"http:\/\/piekarscy.com.pl\/wp-content\/uploads\/2016\/03\/list-do-dyrektora.jpg\" rel=\"attachment wp-att-6638\"><img loading=\"lazy\" decoding=\"async\" class=\"aligncenter size-medium wp-image-6638\" src=\"http:\/\/piekarscy.com.pl\/wp-content\/uploads\/2016\/03\/list-do-dyrektora-227x300.jpg\" alt=\"list do dyrektora\" width=\"227\" height=\"300\" srcset=\"http:\/\/piekarscy.com.pl\/wp-content\/uploads\/2016\/03\/list-do-dyrektora-227x300.jpg 227w, http:\/\/piekarscy.com.pl\/wp-content\/uploads\/2016\/03\/list-do-dyrektora-768x1014.jpg 768w, http:\/\/piekarscy.com.pl\/wp-content\/uploads\/2016\/03\/list-do-dyrektora-775x1024.jpg 775w, http:\/\/piekarscy.com.pl\/wp-content\/uploads\/2016\/03\/list-do-dyrektora-624x824.jpg 624w\" sizes=\"auto, (max-width: 227px) 100vw, 227px\" \/><\/a><\/p>\n","protected":false},"excerpt":{"rendered":"<p>Kolejny list ze s\u0142ynnej teczki z dokumentami pradziadka Ludwika Piekarskiego. Oto pismo in\u017cyniera J\u00f3zefa Liebfelda (zm. 1979), kt\u00f3ry stara\u0142 si\u0119 o prac\u0119.<\/p>\n","protected":false},"author":1,"featured_media":0,"comment_status":"closed","ping_status":"closed","sticky":false,"template":"","format":"standard","meta":{"footnotes":""},"categories":[3],"tags":[830,105,32,29,39],"class_list":["post-6637","post","type-post","status-publish","format-standard","hentry","category-piekarscy","tag-jerzy-liebfeld","tag-list","tag-ludwik-piekarski","tag-ludwik-roch-piekarski","tag-ludwik-rola-piekarski"],"_links":{"self":[{"href":"http:\/\/piekarscy.com.pl\/index.php?rest_route=\/wp\/v2\/posts\/6637","targetHints":{"allow":["GET"]}}],"collection":[{"href":"http:\/\/piekarscy.com.pl\/index.php?rest_route=\/wp\/v2\/posts"}],"about":[{"href":"http:\/\/piekarscy.com.pl\/index.php?rest_route=\/wp\/v2\/types\/post"}],"author":[{"embeddable":true,"href":"http:\/\/piekarscy.com.pl\/index.php?rest_route=\/wp\/v2\/users\/1"}],"replies":[{"embeddable":true,"href":"http:\/\/piekarscy.com.pl\/index.php?rest_route=%2Fwp%2Fv2%2Fcomments&post=6637"}],"version-history":[{"count":2,"href":"http:\/\/piekarscy.com.pl\/index.php?rest_route=\/wp\/v2\/posts\/6637\/revisions"}],"predecessor-version":[{"id":6640,"href":"http:\/\/piekarscy.com.pl\/index.php?rest_route=\/wp\/v2\/posts\/6637\/revisions\/6640"}],"wp:attachment":[{"href":"http:\/\/piekarscy.com.pl\/index.php?rest_route=%2Fwp%2Fv2%2Fmedia&parent=6637"}],"wp:term":[{"taxonomy":"category","embeddable":true,"href":"http:\/\/piekarscy.com.pl\/index.php?rest_route=%2Fwp%2Fv2%2Fcategories&post=6637"},{"taxonomy":"post_tag","embeddable":true,"href":"http:\/\/piekarscy.com.pl\/index.php?rest_route=%2Fwp%2Fv2%2Ftags&post=6637"}],"curies":[{"name":"wp","href":"https:\/\/api.w.org\/{rel}","templated":true}]}}