{"id":7965,"date":"2016-10-26T05:23:31","date_gmt":"2016-10-26T05:23:31","guid":{"rendered":"http:\/\/piekarscy.com.pl\/?p=7965"},"modified":"2016-10-26T05:23:31","modified_gmt":"2016-10-26T05:23:31","slug":"akt-slubu-praprapradziadka-michala-i-prapraprababci-anny-marcow","status":"publish","type":"post","link":"http:\/\/piekarscy.com.pl\/?p=7965","title":{"rendered":"Akt \u015blubu praprapradziadka Micha\u0142a i prapraprababci Anny Marc\u00f3w"},"content":{"rendered":"<p>Rodzina mojej najukocha\u0144szej babci Konstancji z Kurzy\u0144skich Stecowej to rodzina ch\u0142opska. Z rodzinami szlacheckimi jest tak, \u017ce ich korzenie to w\u0142a\u015bciwie domena publiczna. Opisane s\u0105 w herbarzach etc. St\u0105d dokonane w swoim czasie moje odkrycie o byciu potomkiem Mieszka I. Ja nic z tym nie zrobi\u0142am. To odkrycie pochodzenia od Mieszka I to nie moja zas\u0142uga. To zrobili za mnie polscy genealodzy. Z rodzinami ch\u0142opskimi jest gorzej. Ich rzadko kto bada. Bo i po co? Dlatego jeszcze niedawno ze strony babci Konstancji zna\u0142am tylko pradziadk\u00f3w Stanis\u0142awa Kurzy\u0144skiego i Katarzyn\u0119 Czochr\u0119. Ale dzi\u0119ki portalowi z <a href=\"http:\/\/regestry.lubgens.eu\/\" target=\"_blank\">metrykami lubelskimi<\/a> poszerzy\u0142am swoj\u0105 wiedz\u0119 o kolejnych przodk\u00f3w.<\/p>\n<p>I tak dowiedzia\u0142am si\u0119, \u017ce pradziadek Stanis\u0142aw Kurzy\u0144ski by\u0142 synem J\u00f3zefa Kurzy\u0144skiego i Agaty z domu Marzec, za\u015b ona c\u00f3rk\u0105 Micha\u0142a Marca i Anny z Macha\u0142\u00f3w. Oto akt \u015blubu jej rodzic\u00f3w Micha\u0142a i Anny Marc\u00f3w. Praprapradziadek Micha\u0142 bior\u0105c \u015blub mia\u0142 29 lat i by\u0142 wdowcem.<\/p>\n<p><a href=\"http:\/\/piekarscy.com.pl\/wp-content\/uploads\/2016\/10\/micha\u0142-marzec-anna-macha\u0142a.jpg\"><img loading=\"lazy\" decoding=\"async\" class=\"aligncenter size-medium wp-image-7966\" src=\"http:\/\/piekarscy.com.pl\/wp-content\/uploads\/2016\/10\/micha\u0142-marzec-anna-macha\u0142a-300x240.jpg\" alt=\"michal-marzec-anna-machala\" width=\"300\" height=\"240\" srcset=\"http:\/\/piekarscy.com.pl\/wp-content\/uploads\/2016\/10\/micha\u0142-marzec-anna-macha\u0142a-300x240.jpg 300w, http:\/\/piekarscy.com.pl\/wp-content\/uploads\/2016\/10\/micha\u0142-marzec-anna-macha\u0142a-1024x820.jpg 1024w, http:\/\/piekarscy.com.pl\/wp-content\/uploads\/2016\/10\/micha\u0142-marzec-anna-macha\u0142a-624x500.jpg 624w\" sizes=\"auto, (max-width: 300px) 100vw, 300px\" \/><\/a><\/p>\n<p><a href=\"http:\/\/piekarscy.com.pl\/wp-content\/uploads\/2016\/10\/micha\u0142-marzec-anna-macha\u0142a-1.jpg\"><img loading=\"lazy\" decoding=\"async\" class=\"aligncenter size-medium wp-image-7967\" src=\"http:\/\/piekarscy.com.pl\/wp-content\/uploads\/2016\/10\/micha\u0142-marzec-anna-macha\u0142a-1-300x253.jpg\" alt=\"michal-marzec-anna-machala\" width=\"300\" height=\"253\" srcset=\"http:\/\/piekarscy.com.pl\/wp-content\/uploads\/2016\/10\/micha\u0142-marzec-anna-macha\u0142a-1-300x253.jpg 300w, http:\/\/piekarscy.com.pl\/wp-content\/uploads\/2016\/10\/micha\u0142-marzec-anna-macha\u0142a-1-1024x862.jpg 1024w, http:\/\/piekarscy.com.pl\/wp-content\/uploads\/2016\/10\/micha\u0142-marzec-anna-macha\u0142a-1-624x525.jpg 624w, http:\/\/piekarscy.com.pl\/wp-content\/uploads\/2016\/10\/micha\u0142-marzec-anna-macha\u0142a-1.jpg 1491w\" sizes=\"auto, (max-width: 300px) 100vw, 300px\" \/><\/a><\/p>\n","protected":false},"excerpt":{"rendered":"<p>Rodzina mojej najukocha\u0144szej babci Konstancji z Kurzy\u0144skich Stecowej to rodzina ch\u0142opska. Z rodzinami szlacheckimi jest tak, \u017ce ich korzenie to w\u0142a\u015bciwie domena publiczna. Opisane s\u0105 w herbarzach etc. St\u0105d dokonane w swoim czasie moje odkrycie o byciu potomkiem Mieszka I. Ja nic z tym nie zrobi\u0142am. To odkrycie pochodzenia od Mieszka I to nie moja [&hellip;]<\/p>\n","protected":false},"author":1,"featured_media":0,"comment_status":"closed","ping_status":"closed","sticky":false,"template":"","format":"standard","meta":{"footnotes":""},"categories":[964,960],"tags":[370,966,967],"class_list":["post-7965","post","type-post","status-publish","format-standard","hentry","category-machala","category-marzec","tag-akt-slubu","tag-anna-machala","tag-michal-marzec"],"_links":{"self":[{"href":"http:\/\/piekarscy.com.pl\/index.php?rest_route=\/wp\/v2\/posts\/7965","targetHints":{"allow":["GET"]}}],"collection":[{"href":"http:\/\/piekarscy.com.pl\/index.php?rest_route=\/wp\/v2\/posts"}],"about":[{"href":"http:\/\/piekarscy.com.pl\/index.php?rest_route=\/wp\/v2\/types\/post"}],"author":[{"embeddable":true,"href":"http:\/\/piekarscy.com.pl\/index.php?rest_route=\/wp\/v2\/users\/1"}],"replies":[{"embeddable":true,"href":"http:\/\/piekarscy.com.pl\/index.php?rest_route=%2Fwp%2Fv2%2Fcomments&post=7965"}],"version-history":[{"count":1,"href":"http:\/\/piekarscy.com.pl\/index.php?rest_route=\/wp\/v2\/posts\/7965\/revisions"}],"predecessor-version":[{"id":7968,"href":"http:\/\/piekarscy.com.pl\/index.php?rest_route=\/wp\/v2\/posts\/7965\/revisions\/7968"}],"wp:attachment":[{"href":"http:\/\/piekarscy.com.pl\/index.php?rest_route=%2Fwp%2Fv2%2Fmedia&parent=7965"}],"wp:term":[{"taxonomy":"category","embeddable":true,"href":"http:\/\/piekarscy.com.pl\/index.php?rest_route=%2Fwp%2Fv2%2Fcategories&post=7965"},{"taxonomy":"post_tag","embeddable":true,"href":"http:\/\/piekarscy.com.pl\/index.php?rest_route=%2Fwp%2Fv2%2Ftags&post=7965"}],"curies":[{"name":"wp","href":"https:\/\/api.w.org\/{rel}","templated":true}]}}