{"id":7969,"date":"2016-10-27T04:13:55","date_gmt":"2016-10-27T04:13:55","guid":{"rendered":"http:\/\/piekarscy.com.pl\/?p=7969"},"modified":"2016-10-26T06:17:08","modified_gmt":"2016-10-26T06:17:08","slug":"akt-zgonu-praprapradziadka-michala-marca","status":"publish","type":"post","link":"http:\/\/piekarscy.com.pl\/?p=7969","title":{"rendered":"Akt zgonu praprapradziadka Micha\u0142a Marca"},"content":{"rendered":"<p>Rodzina mojej najukocha\u0144szej babci Konstancji z Kurzy\u0144skich Stecowej to rodzina ch\u0142opska. Z rodzinami szlacheckimi jest tak, \u017ce ich korzenie to w\u0142a\u015bciwie domena publiczna. Opisane s\u0105 w herbarzach etc. St\u0105d dokonane w swoim czasie moje odkrycie o byciu potomkiem Mieszka I. Ja nic z tym nie zrobi\u0142am. To odkrycie pochodzenia od Mieszka I to nie moja zas\u0142uga. To zrobili za mnie polscy genealodzy. Z rodzinami ch\u0142opskimi jest gorzej. Ich rzadko kto bada. Bo i po co? Dlatego jeszcze niedawno ze strony babci Konstancji zna\u0142am tylko pradziadk\u00f3w Stanis\u0142awa Kurzy\u0144skiego i Katarzyn\u0119 Czochr\u0119. Ale dzi\u0119ki portalowi z <a href=\"http:\/\/regestry.lubgens.eu\/\" target=\"_blank\">metrykami lubelskimi<\/a> poszerzy\u0142am swoj\u0105 wiedz\u0119 o kolejnych przodk\u00f3w.<\/p>\n<p>I tak dowiedzia\u0142am si\u0119, \u017ce pradziadek Stanis\u0142aw Kurzy\u0144ski by\u0142 synem J\u00f3zefa Kurzy\u0144skiego i Agaty z domu Marzec, za\u015b ona c\u00f3rk\u0105 Micha\u0142a Marca i Anny z Macha\u0142\u00f3w. Oto akt zgonu\u00a0jej ojca Micha\u0142a Marca. 2 kwietnia 1853.<\/p>\n<p><a href=\"http:\/\/piekarscy.com.pl\/wp-content\/uploads\/2016\/10\/46-marzec-micha\u0142-zgon.jpg\"><img loading=\"lazy\" decoding=\"async\" class=\"aligncenter size-medium wp-image-7971\" src=\"http:\/\/piekarscy.com.pl\/wp-content\/uploads\/2016\/10\/46-marzec-micha\u0142-zgon-300x239.jpg\" alt=\"46-marzec-michal-zgon\" width=\"300\" height=\"239\" srcset=\"http:\/\/piekarscy.com.pl\/wp-content\/uploads\/2016\/10\/46-marzec-micha\u0142-zgon-300x239.jpg 300w, http:\/\/piekarscy.com.pl\/wp-content\/uploads\/2016\/10\/46-marzec-micha\u0142-zgon-1024x814.jpg 1024w, http:\/\/piekarscy.com.pl\/wp-content\/uploads\/2016\/10\/46-marzec-micha\u0142-zgon-624x496.jpg 624w\" sizes=\"auto, (max-width: 300px) 100vw, 300px\" \/><\/a><\/p>\n<p><a href=\"http:\/\/piekarscy.com.pl\/wp-content\/uploads\/2016\/10\/zgon-micha\u0142-marzec.jpg\"><img loading=\"lazy\" decoding=\"async\" class=\"aligncenter size-medium wp-image-7970\" src=\"http:\/\/piekarscy.com.pl\/wp-content\/uploads\/2016\/10\/zgon-micha\u0142-marzec-300x107.jpg\" alt=\"zgon-michal-marzec\" width=\"300\" height=\"107\" srcset=\"http:\/\/piekarscy.com.pl\/wp-content\/uploads\/2016\/10\/zgon-micha\u0142-marzec-300x107.jpg 300w, http:\/\/piekarscy.com.pl\/wp-content\/uploads\/2016\/10\/zgon-micha\u0142-marzec-1024x366.jpg 1024w, http:\/\/piekarscy.com.pl\/wp-content\/uploads\/2016\/10\/zgon-micha\u0142-marzec-624x223.jpg 624w, http:\/\/piekarscy.com.pl\/wp-content\/uploads\/2016\/10\/zgon-micha\u0142-marzec.jpg 1340w\" sizes=\"auto, (max-width: 300px) 100vw, 300px\" \/><\/a><\/p>\n","protected":false},"excerpt":{"rendered":"<p>Rodzina mojej najukocha\u0144szej babci Konstancji z Kurzy\u0144skich Stecowej to rodzina ch\u0142opska. Z rodzinami szlacheckimi jest tak, \u017ce ich korzenie to w\u0142a\u015bciwie domena publiczna. Opisane s\u0105 w herbarzach etc. St\u0105d dokonane w swoim czasie moje odkrycie o byciu potomkiem Mieszka I. Ja nic z tym nie zrobi\u0142am. To odkrycie pochodzenia od Mieszka I to nie moja [&hellip;]<\/p>\n","protected":false},"author":1,"featured_media":0,"comment_status":"closed","ping_status":"closed","sticky":false,"template":"","format":"standard","meta":{"footnotes":""},"categories":[960],"tags":[298,967],"class_list":["post-7969","post","type-post","status-publish","format-standard","hentry","category-marzec","tag-akt-zgonu","tag-michal-marzec"],"_links":{"self":[{"href":"http:\/\/piekarscy.com.pl\/index.php?rest_route=\/wp\/v2\/posts\/7969","targetHints":{"allow":["GET"]}}],"collection":[{"href":"http:\/\/piekarscy.com.pl\/index.php?rest_route=\/wp\/v2\/posts"}],"about":[{"href":"http:\/\/piekarscy.com.pl\/index.php?rest_route=\/wp\/v2\/types\/post"}],"author":[{"embeddable":true,"href":"http:\/\/piekarscy.com.pl\/index.php?rest_route=\/wp\/v2\/users\/1"}],"replies":[{"embeddable":true,"href":"http:\/\/piekarscy.com.pl\/index.php?rest_route=%2Fwp%2Fv2%2Fcomments&post=7969"}],"version-history":[{"count":1,"href":"http:\/\/piekarscy.com.pl\/index.php?rest_route=\/wp\/v2\/posts\/7969\/revisions"}],"predecessor-version":[{"id":7972,"href":"http:\/\/piekarscy.com.pl\/index.php?rest_route=\/wp\/v2\/posts\/7969\/revisions\/7972"}],"wp:attachment":[{"href":"http:\/\/piekarscy.com.pl\/index.php?rest_route=%2Fwp%2Fv2%2Fmedia&parent=7969"}],"wp:term":[{"taxonomy":"category","embeddable":true,"href":"http:\/\/piekarscy.com.pl\/index.php?rest_route=%2Fwp%2Fv2%2Fcategories&post=7969"},{"taxonomy":"post_tag","embeddable":true,"href":"http:\/\/piekarscy.com.pl\/index.php?rest_route=%2Fwp%2Fv2%2Ftags&post=7969"}],"curies":[{"name":"wp","href":"https:\/\/api.w.org\/{rel}","templated":true}]}}