{"id":7995,"date":"2016-11-01T09:10:30","date_gmt":"2016-11-01T09:10:30","guid":{"rendered":"http:\/\/piekarscy.com.pl\/?p=7995"},"modified":"2016-11-01T09:11:26","modified_gmt":"2016-11-01T09:11:26","slug":"mama-w-radziejowicach","status":"publish","type":"post","link":"http:\/\/piekarscy.com.pl\/?p=7995","title":{"rendered":"Mama w Radziejowicach"},"content":{"rendered":"<p>Drugie miejsce, w kt\u00f3re je\u017adzi\u0142am z rodzicami na wakacje to Radziejowice. Tam w Domu Pracy Tw\u00f3rczej ministerstwa Kultury sp\u0119dzi\u0142am ca\u0142e dzieci\u0144stwo. To moja mama na \u0142awce przed pa\u0142acem i wej\u015bciem do pa\u0142acowej jadalni. Lata 70-te.\u00a0<a href=\"http:\/\/piekarscy.com.pl\/wp-content\/uploads\/2016\/11\/PICT0070.jpg\"><img loading=\"lazy\" decoding=\"async\" class=\"aligncenter size-medium wp-image-7996\" src=\"http:\/\/piekarscy.com.pl\/wp-content\/uploads\/2016\/11\/PICT0070-200x300.jpg\" alt=\"pict0070\" width=\"200\" height=\"300\" srcset=\"http:\/\/piekarscy.com.pl\/wp-content\/uploads\/2016\/11\/PICT0070-200x300.jpg 200w, http:\/\/piekarscy.com.pl\/wp-content\/uploads\/2016\/11\/PICT0070-683x1024.jpg 683w, http:\/\/piekarscy.com.pl\/wp-content\/uploads\/2016\/11\/PICT0070-624x936.jpg 624w, http:\/\/piekarscy.com.pl\/wp-content\/uploads\/2016\/11\/PICT0070.jpg 1840w\" sizes=\"auto, (max-width: 200px) 100vw, 200px\" \/><\/a><\/p>\n","protected":false},"excerpt":{"rendered":"<p>Drugie miejsce, w kt\u00f3re je\u017adzi\u0142am z rodzicami na wakacje to Radziejowice. Tam w Domu Pracy Tw\u00f3rczej ministerstwa Kultury sp\u0119dzi\u0142am ca\u0142e dzieci\u0144stwo. To moja mama na \u0142awce przed pa\u0142acem i wej\u015bciem do pa\u0142acowej jadalni. Lata 70-te.\u00a0<\/p>\n","protected":false},"author":1,"featured_media":0,"comment_status":"closed","ping_status":"closed","sticky":false,"template":"","format":"standard","meta":{"footnotes":""},"categories":[3,12],"tags":[102,702,703,701,131,129,130,981,599],"class_list":["post-7995","post","type-post","status-publish","format-standard","hentry","category-piekarscy","category-stec","tag-fotografia","tag-halina-malgorzata-stec","tag-halina-malgorzata-stec-piekarska","tag-halina-malgorzata-ze-stecow-piekarska","tag-halina-piekarska","tag-halina-stec","tag-halina-stec-piekarska","tag-radziejowice","tag-zdjecie"],"_links":{"self":[{"href":"http:\/\/piekarscy.com.pl\/index.php?rest_route=\/wp\/v2\/posts\/7995","targetHints":{"allow":["GET"]}}],"collection":[{"href":"http:\/\/piekarscy.com.pl\/index.php?rest_route=\/wp\/v2\/posts"}],"about":[{"href":"http:\/\/piekarscy.com.pl\/index.php?rest_route=\/wp\/v2\/types\/post"}],"author":[{"embeddable":true,"href":"http:\/\/piekarscy.com.pl\/index.php?rest_route=\/wp\/v2\/users\/1"}],"replies":[{"embeddable":true,"href":"http:\/\/piekarscy.com.pl\/index.php?rest_route=%2Fwp%2Fv2%2Fcomments&post=7995"}],"version-history":[{"count":2,"href":"http:\/\/piekarscy.com.pl\/index.php?rest_route=\/wp\/v2\/posts\/7995\/revisions"}],"predecessor-version":[{"id":7998,"href":"http:\/\/piekarscy.com.pl\/index.php?rest_route=\/wp\/v2\/posts\/7995\/revisions\/7998"}],"wp:attachment":[{"href":"http:\/\/piekarscy.com.pl\/index.php?rest_route=%2Fwp%2Fv2%2Fmedia&parent=7995"}],"wp:term":[{"taxonomy":"category","embeddable":true,"href":"http:\/\/piekarscy.com.pl\/index.php?rest_route=%2Fwp%2Fv2%2Fcategories&post=7995"},{"taxonomy":"post_tag","embeddable":true,"href":"http:\/\/piekarscy.com.pl\/index.php?rest_route=%2Fwp%2Fv2%2Ftags&post=7995"}],"curies":[{"name":"wp","href":"https:\/\/api.w.org\/{rel}","templated":true}]}}