{"id":7999,"date":"2016-11-02T03:39:40","date_gmt":"2016-11-02T03:39:40","guid":{"rendered":"http:\/\/piekarscy.com.pl\/?p=7999"},"modified":"2016-11-01T23:41:43","modified_gmt":"2016-11-01T23:41:43","slug":"moi-rodzice","status":"publish","type":"post","link":"http:\/\/piekarscy.com.pl\/?p=7999","title":{"rendered":"Moi rodzice"},"content":{"rendered":"<p>Jedno z niewielu wsp\u00f3lnych zdj\u0119\u0107 moich rodzic\u00f3w. Zosta\u0142o zrobione\u00a0na prze\u0142omie lat 80-tych i 90-tych w domu na Saskiej K\u0119pie i to chyba nawet przeze mnie. Teraz ten pok\u00f3j to moja sypialnia. Wisz\u0105ce na \u015bcianie fotografie (rodzina mojej mamy &#8211; Stanis\u0142aw Kurzy\u0144ski i Katarzyna z domu Czochra) wisz\u0105 na niej do tej pory. Pierwszy obrazek z prawej to portret mojej babci (mamy mojej mamy) Konstancji z Kurzy\u0144skich Stec wykonany zosta\u0142 przez Wac\u0142awa Chodkowskiego szwagra mojej prababci Leokadii Karoliny z Przybytkowskich Adamskiej ukochanej babci mojego ojca. To taki namacalny dow\u00f3d na to jaki \u015bwiat jest ma\u0142y. Przecie\u017c rodzina Mamy jest z Zamojszczyzny. Rodzina Ojca jest z Warszawy.\u00a0<a href=\"http:\/\/piekarscy.com.pl\/wp-content\/uploads\/2016\/11\/PICT0778.jpg\"><img loading=\"lazy\" decoding=\"async\" class=\"aligncenter size-medium wp-image-8000\" src=\"http:\/\/piekarscy.com.pl\/wp-content\/uploads\/2016\/11\/PICT0778-300x200.jpg\" alt=\"pict0778\" width=\"300\" height=\"200\" srcset=\"http:\/\/piekarscy.com.pl\/wp-content\/uploads\/2016\/11\/PICT0778-300x200.jpg 300w, http:\/\/piekarscy.com.pl\/wp-content\/uploads\/2016\/11\/PICT0778-1024x683.jpg 1024w, http:\/\/piekarscy.com.pl\/wp-content\/uploads\/2016\/11\/PICT0778-624x416.jpg 624w\" sizes=\"auto, (max-width: 300px) 100vw, 300px\" \/><\/a><\/p>\n","protected":false},"excerpt":{"rendered":"<p>Jedno z niewielu wsp\u00f3lnych zdj\u0119\u0107 moich rodzic\u00f3w. Zosta\u0142o zrobione\u00a0na prze\u0142omie lat 80-tych i 90-tych w domu na Saskiej K\u0119pie i to chyba nawet przeze mnie. Teraz ten pok\u00f3j to moja sypialnia. Wisz\u0105ce na \u015bcianie fotografie (rodzina mojej mamy &#8211; Stanis\u0142aw Kurzy\u0144ski i Katarzyna z domu Czochra) wisz\u0105 na niej do tej pory. Pierwszy obrazek z [&hellip;]<\/p>\n","protected":false},"author":1,"featured_media":0,"comment_status":"closed","ping_status":"closed","sticky":false,"template":"","format":"standard","meta":{"footnotes":""},"categories":[5,115,323,13,3,7,12],"tags":[102,702,703,701,140,139,416,599],"class_list":["post-7999","post","type-post","status-publish","format-standard","hentry","category-adamscy","category-chodkowscy","category-czochra","category-kurzynscy","category-piekarscy","category-przybytkowscy","category-stec","tag-fotografia","tag-halina-malgorzata-stec","tag-halina-malgorzata-stec-piekarska","tag-halina-malgorzata-ze-stecow-piekarska","tag-maciej-pawel-piekarski","tag-maciej-piekarski","tag-saska-kepa","tag-zdjecie"],"_links":{"self":[{"href":"http:\/\/piekarscy.com.pl\/index.php?rest_route=\/wp\/v2\/posts\/7999","targetHints":{"allow":["GET"]}}],"collection":[{"href":"http:\/\/piekarscy.com.pl\/index.php?rest_route=\/wp\/v2\/posts"}],"about":[{"href":"http:\/\/piekarscy.com.pl\/index.php?rest_route=\/wp\/v2\/types\/post"}],"author":[{"embeddable":true,"href":"http:\/\/piekarscy.com.pl\/index.php?rest_route=\/wp\/v2\/users\/1"}],"replies":[{"embeddable":true,"href":"http:\/\/piekarscy.com.pl\/index.php?rest_route=%2Fwp%2Fv2%2Fcomments&post=7999"}],"version-history":[{"count":3,"href":"http:\/\/piekarscy.com.pl\/index.php?rest_route=\/wp\/v2\/posts\/7999\/revisions"}],"predecessor-version":[{"id":8005,"href":"http:\/\/piekarscy.com.pl\/index.php?rest_route=\/wp\/v2\/posts\/7999\/revisions\/8005"}],"wp:attachment":[{"href":"http:\/\/piekarscy.com.pl\/index.php?rest_route=%2Fwp%2Fv2%2Fmedia&parent=7999"}],"wp:term":[{"taxonomy":"category","embeddable":true,"href":"http:\/\/piekarscy.com.pl\/index.php?rest_route=%2Fwp%2Fv2%2Fcategories&post=7999"},{"taxonomy":"post_tag","embeddable":true,"href":"http:\/\/piekarscy.com.pl\/index.php?rest_route=%2Fwp%2Fv2%2Ftags&post=7999"}],"curies":[{"name":"wp","href":"https:\/\/api.w.org\/{rel}","templated":true}]}}