{"id":8109,"date":"2016-11-14T06:49:16","date_gmt":"2016-11-14T06:49:16","guid":{"rendered":"http:\/\/piekarscy.com.pl\/?p=8109"},"modified":"2016-11-04T07:14:49","modified_gmt":"2016-11-04T07:14:49","slug":"wokol-ksiazki-syn-dwoch-matek-cz-12","status":"publish","type":"post","link":"http:\/\/piekarscy.com.pl\/?p=8109","title":{"rendered":"Wok\u00f3\u0142 ksi\u0105\u017cki &#8222;Syn dw\u00f3ch matek&#8221; cz.12"},"content":{"rendered":"<p>25 pa\u017adziernika 2016, a wi\u0119c nie tak dawno temu, nak\u0142adem wydawnictwa Trzecia Strona ukaza\u0142a si\u0119 moja ksi\u0105\u017cka napisana do sp\u00f3\u0142ki z nie\u017cyj\u0105cym Ojcem Maciejem Piekarskim zatytu\u0142owana &#8222;Syn dw\u00f3ch matek&#8221;. Od dzi\u015b przez wiele\u00a0dni b\u0119d\u0119 tu publikowa\u0142a zdj\u0119cia, kt\u00f3rych pr\u00f3\u017cno szuka\u0107 w \u015brodku ksi\u0105\u017cki. Nie wszystko bowiem si\u0119 tam zmie\u015bci\u0142o. Oto kolejne\u00a0fotografie.<\/p>\n<p>Na hu\u015btawce. Marek Tch\u00f3rz. \u015aredni syn Stryja Janka Tch\u00f3rza &#8211; bohatera ksi\u0105\u017cki. Rok 1976. Autor: Maciej Piekarski.<\/p>\n<p><a href=\"http:\/\/piekarscy.com.pl\/wp-content\/uploads\/2016\/11\/PICT0027.jpg\"><img loading=\"lazy\" decoding=\"async\" class=\"aligncenter size-medium wp-image-8024\" src=\"http:\/\/piekarscy.com.pl\/wp-content\/uploads\/2016\/11\/PICT0027-300x200.jpg\" alt=\"pict0027\" width=\"300\" height=\"200\" srcset=\"http:\/\/piekarscy.com.pl\/wp-content\/uploads\/2016\/11\/PICT0027-300x200.jpg 300w, http:\/\/piekarscy.com.pl\/wp-content\/uploads\/2016\/11\/PICT0027-1024x683.jpg 1024w, http:\/\/piekarscy.com.pl\/wp-content\/uploads\/2016\/11\/PICT0027-624x416.jpg 624w\" sizes=\"auto, (max-width: 300px) 100vw, 300px\" \/><\/a><\/p>\n<p>&nbsp;<\/p>\n<p><a href=\"http:\/\/piekarscy.com.pl\/wp-content\/uploads\/2014\/02\/Syn-dw\u00f3ch-matek_1000.jpg\"><img loading=\"lazy\" decoding=\"async\" class=\"size-medium wp-image-7666 alignleft\" src=\"http:\/\/piekarscy.com.pl\/wp-content\/uploads\/2014\/02\/Syn-dw\u00f3ch-matek_1000-214x300.jpg\" alt=\"syn-dwoch-matek_1000\" width=\"214\" height=\"300\" srcset=\"http:\/\/piekarscy.com.pl\/wp-content\/uploads\/2014\/02\/Syn-dw\u00f3ch-matek_1000-214x300.jpg 214w, http:\/\/piekarscy.com.pl\/wp-content\/uploads\/2014\/02\/Syn-dw\u00f3ch-matek_1000-624x876.jpg 624w, http:\/\/piekarscy.com.pl\/wp-content\/uploads\/2014\/02\/Syn-dw\u00f3ch-matek_1000.jpg 712w\" sizes=\"auto, (max-width: 214px) 100vw, 214px\" \/><\/a><\/p>\n<p><strong>Tytu\u0142:<\/strong> Syn dw\u00f3ch matek<br \/>\n<strong>Seria:<\/strong> Reporta\u017c! Fakty to nie wszystko<br \/>\n<strong>Autor:<\/strong> Ma\u0142gorzata Karolina\u00a0Piekarska, Maciej\u00a0Piekarski<br \/>\n<strong>Wydawnictwo:<\/strong> <a href=\"http:\/\/trzeciastrona.pl\/\" target=\"_blank\">Trzecia Strona<\/a><br \/>\n<strong>Ilo\u015b\u0107 stron:<\/strong> 250<br \/>\n<strong>Numer wydania:<\/strong> I<br \/>\n<strong>Data premiery:<\/strong> 2016-10-27<br \/>\n<strong>Rok wydania:<\/strong> 2016<br \/>\n<strong>ISBN:\u00a0<\/strong>978-83-64526-38-1<br \/>\n<strong>ilustracje<\/strong><strong>:<\/strong>\u00a0 archiwa rodzinne Ma\u0142gorzaty Karoliny Piekarskiej i Jana Tch\u00f3rza,\u00a0archiwum Muzeum Zamojskiego, archiwum Przedszkola\u00a0Samorz\u0105dowego im. Wandy Cebrykow w Zwierzy\u0144cu<\/p>\n<p><strong>O ksi\u0105\u017cce:<\/strong><\/p>\n<p>Ksi\u0105\u017cka o zag\u0142adzie Zamojszczyzny pokazana przez pryzmat los\u00f3w Jana Tch\u00f3rza, dzi\u015b emerytowanego gospodarza we wsi Borowina Starozamojska. Wtedy 2,5-letniego ch\u0142opca dwukrotnie wydzieranego od matki \u2013 raz biologicznej, drugi raz adopcyjnej.<a href=\"http:\/\/piekarscy.com.pl\/wp-content\/uploads\/2016\/11\/Syn-dw\u00f3ch-matek.jpg\"><img loading=\"lazy\" decoding=\"async\" class=\"size-medium wp-image-8076 alignright\" src=\"http:\/\/piekarscy.com.pl\/wp-content\/uploads\/2016\/11\/Syn-dw\u00f3ch-matek-300x200.jpg\" alt=\"syn-dwoch-matek\" width=\"300\" height=\"200\" srcset=\"http:\/\/piekarscy.com.pl\/wp-content\/uploads\/2016\/11\/Syn-dw\u00f3ch-matek-300x200.jpg 300w, http:\/\/piekarscy.com.pl\/wp-content\/uploads\/2016\/11\/Syn-dw\u00f3ch-matek-1024x684.jpg 1024w, http:\/\/piekarscy.com.pl\/wp-content\/uploads\/2016\/11\/Syn-dw\u00f3ch-matek-624x417.jpg 624w\" sizes=\"auto, (max-width: 300px) 100vw, 300px\" \/><\/a><\/p>\n<p>W 1943 roku Janina i Bronis\u0142aw Piekarscy, rodzice Macieja Piekarskiego wzi\u0119li z sieroci\u0144ca pozbawione rodzic\u00f3w dziecko o nieznanej to\u017csamo\u015bci, uratowane przez warszawskich kolejarzy z tzw. transportu \u015bmierci. Ta decyzja na zawsze splot\u0142a ze sob\u0105 losy dw\u00f3ch rodzin.<\/p>\n<p>Autorami s\u0105 zmar\u0142y w 1999 roku <a href=\"http:\/\/maciejpiekarski.pl\/\" target=\"_blank\">Maciej Piekarski<\/a> i jego c\u00f3rka Ma\u0142gorzata Karolina Piekarska. To swoisty dwug\u0142os, w kt\u00f3rym napisany w latach 70-tych reporta\u017c przeplata si\u0119 ze wsp\u00f3\u0142czesn\u0105 opowie\u015bci\u0105, jak\u0105 snuje zmar\u0142emu Ojcu c\u00f3rka. Opowiada mu, jak przed laty odebra\u0142a histori\u0119 swojego przybranego Stryja, jak zmieni\u0142a ona jej spojrzenie na \u015bwiat oraz o obecnych losach Jana Tch\u00f3rza. Ksi\u0105\u017cka jest pr\u00f3b\u0105 odpowiedzi na pytanie: czy wojna i jej okrucie\u0144stwo istniej\u0105 tylko dop\u00f3ki \u017cyje ostatni \u015bwiadek?<\/p>\n","protected":false},"excerpt":{"rendered":"<p>25 pa\u017adziernika 2016, a wi\u0119c nie tak dawno temu, nak\u0142adem wydawnictwa Trzecia Strona ukaza\u0142a si\u0119 moja ksi\u0105\u017cka napisana do sp\u00f3\u0142ki z nie\u017cyj\u0105cym Ojcem Maciejem Piekarskim zatytu\u0142owana &#8222;Syn dw\u00f3ch matek&#8221;. Od dzi\u015b przez wiele\u00a0dni b\u0119d\u0119 tu publikowa\u0142a zdj\u0119cia, kt\u00f3rych pr\u00f3\u017cno szuka\u0107 w \u015brodku ksi\u0105\u017cki. Nie wszystko bowiem si\u0119 tam zmie\u015bci\u0142o. Oto kolejne\u00a0fotografie. Na hu\u015btawce. Marek Tch\u00f3rz. [&hellip;]<\/p>\n","protected":false},"author":1,"featured_media":0,"comment_status":"closed","ping_status":"closed","sticky":false,"template":"","format":"standard","meta":{"footnotes":""},"categories":[3,309],"tags":[102,311,275,140,139,312,982],"class_list":["post-8109","post","type-post","status-publish","format-standard","hentry","category-piekarscy","category-tchorz","tag-fotografia","tag-jan-tchorz","tag-ksiazka","tag-maciej-pawel-piekarski","tag-maciej-piekarski","tag-malgorzata-karolina-piekarska","tag-syn-dwoch-matek"],"_links":{"self":[{"href":"http:\/\/piekarscy.com.pl\/index.php?rest_route=\/wp\/v2\/posts\/8109","targetHints":{"allow":["GET"]}}],"collection":[{"href":"http:\/\/piekarscy.com.pl\/index.php?rest_route=\/wp\/v2\/posts"}],"about":[{"href":"http:\/\/piekarscy.com.pl\/index.php?rest_route=\/wp\/v2\/types\/post"}],"author":[{"embeddable":true,"href":"http:\/\/piekarscy.com.pl\/index.php?rest_route=\/wp\/v2\/users\/1"}],"replies":[{"embeddable":true,"href":"http:\/\/piekarscy.com.pl\/index.php?rest_route=%2Fwp%2Fv2%2Fcomments&post=8109"}],"version-history":[{"count":1,"href":"http:\/\/piekarscy.com.pl\/index.php?rest_route=\/wp\/v2\/posts\/8109\/revisions"}],"predecessor-version":[{"id":8110,"href":"http:\/\/piekarscy.com.pl\/index.php?rest_route=\/wp\/v2\/posts\/8109\/revisions\/8110"}],"wp:attachment":[{"href":"http:\/\/piekarscy.com.pl\/index.php?rest_route=%2Fwp%2Fv2%2Fmedia&parent=8109"}],"wp:term":[{"taxonomy":"category","embeddable":true,"href":"http:\/\/piekarscy.com.pl\/index.php?rest_route=%2Fwp%2Fv2%2Fcategories&post=8109"},{"taxonomy":"post_tag","embeddable":true,"href":"http:\/\/piekarscy.com.pl\/index.php?rest_route=%2Fwp%2Fv2%2Ftags&post=8109"}],"curies":[{"name":"wp","href":"https:\/\/api.w.org\/{rel}","templated":true}]}}