{"id":8148,"date":"2016-11-27T04:27:39","date_gmt":"2016-11-27T04:27:39","guid":{"rendered":"http:\/\/piekarscy.com.pl\/?p=8148"},"modified":"2016-11-04T11:05:16","modified_gmt":"2016-11-04T11:05:16","slug":"rocznica-portalu-ale-i-wokol-ksiazki-syn-dwoch-matek","status":"publish","type":"post","link":"http:\/\/piekarscy.com.pl\/?p=8148","title":{"rendered":"Rocznica portalu, ale i wok\u00f3\u0142 ksi\u0105\u017cki &#8222;Syn dw\u00f3ch matek&#8221;"},"content":{"rendered":"<p>Publikuj\u0119 tu ostatnio fotografie zwi\u0105zane z ostatnio wydan\u0105 (26 pa\u017adziernika 2016) nak\u0142adem\u00a0wydawnictwa Trzecia Strona ksi\u0105\u017ck\u0105 napisana do sp\u00f3\u0142ki z nie\u017cyj\u0105cym Ojcem Maciejem Piekarskim zatytu\u0142owan\u0105 &#8222;Syn dw\u00f3ch matek&#8221;. Trzecia rocznica za\u0142o\u017cenia tego portalu wi\u0105\u017ce si\u0119 zar\u00f3wno z t\u0105 ksi\u0105\u017ck\u0105, jak\u00a0i z moim nie\u017cyj\u0105cym Ojcem. To on zaszczepi\u0142 we mnie zainteresowanie w\u0142asn\u0105 rodzin\u0105. jego artyku\u0142, kt\u00f3ry jest tak naprawd\u0119 pocz\u0105tkiem tej ksi\u0105\u017cki, a kt\u00f3ry ukaza\u0142 si\u0119 w 1976 roku ja za\u015b przeczyta\u0142am go jako dziewi\u0119ciolatka sprawi\u0142, ze zacz\u0119\u0142am interesowa\u0107 si\u0119 dziadkami, pradziadkami itd. Na poni\u017cszych zdj\u0119ciach ja z tat\u0105. Jest rok 1977 ob\u00f3z harcerski Uroczysko K\u0119pa n. jeziorem liche\u0144skim. P\u0142acz\u0119, bo nie chc\u0119 rozstawa\u0107 si\u0119 z tat\u0105. Fotografie wykonane moim aparatem Smiena Symbol.<\/p>\n<p><a href=\"http:\/\/piekarscy.com.pl\/wp-content\/uploads\/2016\/11\/PICT0146.jpg\"><img loading=\"lazy\" decoding=\"async\" class=\"aligncenter size-medium wp-image-8042\" src=\"http:\/\/piekarscy.com.pl\/wp-content\/uploads\/2016\/11\/PICT0146-200x300.jpg\" alt=\"pict0146\" width=\"200\" height=\"300\" srcset=\"http:\/\/piekarscy.com.pl\/wp-content\/uploads\/2016\/11\/PICT0146-200x300.jpg 200w, http:\/\/piekarscy.com.pl\/wp-content\/uploads\/2016\/11\/PICT0146-683x1024.jpg 683w, http:\/\/piekarscy.com.pl\/wp-content\/uploads\/2016\/11\/PICT0146-624x936.jpg 624w, http:\/\/piekarscy.com.pl\/wp-content\/uploads\/2016\/11\/PICT0146.jpg 1840w\" sizes=\"auto, (max-width: 200px) 100vw, 200px\" \/><\/a> <a href=\"http:\/\/piekarscy.com.pl\/wp-content\/uploads\/2016\/11\/PICT0148.jpg\"><img loading=\"lazy\" decoding=\"async\" class=\"aligncenter size-medium wp-image-8043\" src=\"http:\/\/piekarscy.com.pl\/wp-content\/uploads\/2016\/11\/PICT0148-194x300.jpg\" alt=\"pict0148\" width=\"194\" height=\"300\" srcset=\"http:\/\/piekarscy.com.pl\/wp-content\/uploads\/2016\/11\/PICT0148-194x300.jpg 194w, http:\/\/piekarscy.com.pl\/wp-content\/uploads\/2016\/11\/PICT0148-661x1024.jpg 661w, http:\/\/piekarscy.com.pl\/wp-content\/uploads\/2016\/11\/PICT0148-624x966.jpg 624w, http:\/\/piekarscy.com.pl\/wp-content\/uploads\/2016\/11\/PICT0148.jpg 1162w\" sizes=\"auto, (max-width: 194px) 100vw, 194px\" \/><\/a><\/p>\n<p>&nbsp;<\/p>\n<p><a href=\"http:\/\/piekarscy.com.pl\/wp-content\/uploads\/2014\/02\/Syn-dw\u00f3ch-matek_1000.jpg\"><img loading=\"lazy\" decoding=\"async\" class=\"size-medium wp-image-7666 alignleft\" src=\"http:\/\/piekarscy.com.pl\/wp-content\/uploads\/2014\/02\/Syn-dw\u00f3ch-matek_1000-214x300.jpg\" alt=\"syn-dwoch-matek_1000\" width=\"214\" height=\"300\" srcset=\"http:\/\/piekarscy.com.pl\/wp-content\/uploads\/2014\/02\/Syn-dw\u00f3ch-matek_1000-214x300.jpg 214w, http:\/\/piekarscy.com.pl\/wp-content\/uploads\/2014\/02\/Syn-dw\u00f3ch-matek_1000-624x876.jpg 624w, http:\/\/piekarscy.com.pl\/wp-content\/uploads\/2014\/02\/Syn-dw\u00f3ch-matek_1000.jpg 712w\" sizes=\"auto, (max-width: 214px) 100vw, 214px\" \/><\/a><\/p>\n<p><strong>Tytu\u0142:<\/strong> Syn dw\u00f3ch matek<br \/>\n<strong>Seria:<\/strong> Reporta\u017c! Fakty to nie wszystko<br \/>\n<strong>Autor:<\/strong> Ma\u0142gorzata Karolina\u00a0Piekarska, Maciej\u00a0Piekarski<br \/>\n<strong>Wydawnictwo:<\/strong> <a href=\"http:\/\/trzeciastrona.pl\/\" target=\"_blank\">Trzecia Strona<\/a><br \/>\n<strong>Ilo\u015b\u0107 stron:<\/strong> 250<br \/>\n<strong>Numer wydania:<\/strong> I<br \/>\n<strong>Data premiery:<\/strong> 2016-10-27<br \/>\n<strong>Rok wydania:<\/strong> 2016<br \/>\n<strong>ISBN:\u00a0<\/strong>978-83-64526-38-1<br \/>\n<strong>ilustracje<\/strong><strong>:<\/strong>\u00a0 archiwa rodzinne Ma\u0142gorzaty Karoliny Piekarskiej i Jana Tch\u00f3rza,\u00a0archiwum Muzeum Zamojskiego, archiwum Przedszkola\u00a0Samorz\u0105dowego im. Wandy Cebrykow w Zwierzy\u0144cu<\/p>\n<p><strong>O ksi\u0105\u017cce:<\/strong><\/p>\n<p>Ksi\u0105\u017cka o zag\u0142adzie Zamojszczyzny pokazana przez pryzmat los\u00f3w Jana Tch\u00f3rza, dzi\u015b emerytowanego gospodarza we wsi Borowina Starozamojska. Wtedy 2,5-letniego ch\u0142opca dwukrotnie wydzieranego od matki \u2013 raz biologicznej, drugi raz adopcyjnej.<a href=\"http:\/\/piekarscy.com.pl\/wp-content\/uploads\/2016\/11\/Syn-dw\u00f3ch-matek.jpg\"><img loading=\"lazy\" decoding=\"async\" class=\"size-medium wp-image-8076 alignright\" src=\"http:\/\/piekarscy.com.pl\/wp-content\/uploads\/2016\/11\/Syn-dw\u00f3ch-matek-300x200.jpg\" alt=\"syn-dwoch-matek\" width=\"300\" height=\"200\" srcset=\"http:\/\/piekarscy.com.pl\/wp-content\/uploads\/2016\/11\/Syn-dw\u00f3ch-matek-300x200.jpg 300w, http:\/\/piekarscy.com.pl\/wp-content\/uploads\/2016\/11\/Syn-dw\u00f3ch-matek-1024x684.jpg 1024w, http:\/\/piekarscy.com.pl\/wp-content\/uploads\/2016\/11\/Syn-dw\u00f3ch-matek-624x417.jpg 624w\" sizes=\"auto, (max-width: 300px) 100vw, 300px\" \/><\/a><\/p>\n<p>W 1943 roku Janina i Bronis\u0142aw Piekarscy, rodzice Macieja Piekarskiego wzi\u0119li z sieroci\u0144ca pozbawione rodzic\u00f3w dziecko o nieznanej to\u017csamo\u015bci, uratowane przez warszawskich kolejarzy z tzw. transportu \u015bmierci. Ta decyzja na zawsze splot\u0142a ze sob\u0105 losy dw\u00f3ch rodzin.<\/p>\n<p>Autorami s\u0105 zmar\u0142y w 1999 roku <a href=\"http:\/\/maciejpiekarski.pl\/\" target=\"_blank\">Maciej Piekarski<\/a> i jego c\u00f3rka Ma\u0142gorzata Karolina Piekarska. To swoisty dwug\u0142os, w kt\u00f3rym napisany w latach 70-tych reporta\u017c przeplata si\u0119 ze wsp\u00f3\u0142czesn\u0105 opowie\u015bci\u0105, jak\u0105 snuje zmar\u0142emu Ojcu c\u00f3rka. Opowiada mu, jak przed laty odebra\u0142a histori\u0119 swojego przybranego Stryja, jak zmieni\u0142a ona jej spojrzenie na \u015bwiat oraz o obecnych losach Jana Tch\u00f3rza. Ksi\u0105\u017cka jest pr\u00f3b\u0105 odpowiedzi na pytanie: czy wojna i jej okrucie\u0144stwo istniej\u0105 tylko dop\u00f3ki \u017cyje ostatni \u015bwiadek?<\/p>\n","protected":false},"excerpt":{"rendered":"<p>Publikuj\u0119 tu ostatnio fotografie zwi\u0105zane z ostatnio wydan\u0105 (26 pa\u017adziernika 2016) nak\u0142adem\u00a0wydawnictwa Trzecia Strona ksi\u0105\u017ck\u0105 napisana do sp\u00f3\u0142ki z nie\u017cyj\u0105cym Ojcem Maciejem Piekarskim zatytu\u0142owan\u0105 &#8222;Syn dw\u00f3ch matek&#8221;. Trzecia rocznica za\u0142o\u017cenia tego portalu wi\u0105\u017ce si\u0119 zar\u00f3wno z t\u0105 ksi\u0105\u017ck\u0105, jak\u00a0i z moim nie\u017cyj\u0105cym Ojcem. To on zaszczepi\u0142 we mnie zainteresowanie w\u0142asn\u0105 rodzin\u0105. jego artyku\u0142, kt\u00f3ry jest [&hellip;]<\/p>\n","protected":false},"author":1,"featured_media":0,"comment_status":"closed","ping_status":"closed","sticky":false,"template":"","format":"standard","meta":{"footnotes":""},"categories":[3],"tags":[102,311,275,140,139,312,982],"class_list":["post-8148","post","type-post","status-publish","format-standard","hentry","category-piekarscy","tag-fotografia","tag-jan-tchorz","tag-ksiazka","tag-maciej-pawel-piekarski","tag-maciej-piekarski","tag-malgorzata-karolina-piekarska","tag-syn-dwoch-matek"],"_links":{"self":[{"href":"http:\/\/piekarscy.com.pl\/index.php?rest_route=\/wp\/v2\/posts\/8148","targetHints":{"allow":["GET"]}}],"collection":[{"href":"http:\/\/piekarscy.com.pl\/index.php?rest_route=\/wp\/v2\/posts"}],"about":[{"href":"http:\/\/piekarscy.com.pl\/index.php?rest_route=\/wp\/v2\/types\/post"}],"author":[{"embeddable":true,"href":"http:\/\/piekarscy.com.pl\/index.php?rest_route=\/wp\/v2\/users\/1"}],"replies":[{"embeddable":true,"href":"http:\/\/piekarscy.com.pl\/index.php?rest_route=%2Fwp%2Fv2%2Fcomments&post=8148"}],"version-history":[{"count":1,"href":"http:\/\/piekarscy.com.pl\/index.php?rest_route=\/wp\/v2\/posts\/8148\/revisions"}],"predecessor-version":[{"id":8149,"href":"http:\/\/piekarscy.com.pl\/index.php?rest_route=\/wp\/v2\/posts\/8148\/revisions\/8149"}],"wp:attachment":[{"href":"http:\/\/piekarscy.com.pl\/index.php?rest_route=%2Fwp%2Fv2%2Fmedia&parent=8148"}],"wp:term":[{"taxonomy":"category","embeddable":true,"href":"http:\/\/piekarscy.com.pl\/index.php?rest_route=%2Fwp%2Fv2%2Fcategories&post=8148"},{"taxonomy":"post_tag","embeddable":true,"href":"http:\/\/piekarscy.com.pl\/index.php?rest_route=%2Fwp%2Fv2%2Ftags&post=8148"}],"curies":[{"name":"wp","href":"https:\/\/api.w.org\/{rel}","templated":true}]}}