{"id":8278,"date":"2016-12-20T05:57:04","date_gmt":"2016-12-20T05:57:04","guid":{"rendered":"http:\/\/piekarscy.com.pl\/?p=8278"},"modified":"2016-12-09T23:45:42","modified_gmt":"2016-12-09T23:45:42","slug":"ze-zbioru-pocztowek-pradziadkow-cz-7","status":"publish","type":"post","link":"http:\/\/piekarscy.com.pl\/?p=8278","title":{"rendered":"Ze zbioru poczt\u00f3wek pradziadk\u00f3w cz. 7"},"content":{"rendered":"<p>Dawniej ludzie zbierali poczt\u00f3wki. Pradziadek Ludwik Piekarski (ojciec dziadka Bronis\u0142awa piekarskiego) i pradziadek Antoni Adamski (ojciec babci Janki z Adamskich Piekarskiej) sporo podr\u00f3\u017cowali, g\u00f3wnie wg\u0142\u0105b Rosji. Zosta\u0142a po nich spora kolekcja poczt\u00f3wek.\u00a0Pokazuj\u0105\u00a0jak wygl\u0105da\u0142a Rosja w czasach carskich.<\/p>\n<p>Oto kolejna z poczt\u00f3wek. Prawdopodobnie pradziadka Antoniego Adamskiego, bo to on\u00a0by\u0142 w Moskwie. To Kreml widok z Kazanki.<\/p>\n<p><a href=\"http:\/\/piekarscy.com.pl\/wp-content\/uploads\/2016\/12\/pocztowka-08.jpg\"><img loading=\"lazy\" decoding=\"async\" class=\"aligncenter wp-image-8202 size-medium\" src=\"http:\/\/piekarscy.com.pl\/wp-content\/uploads\/2016\/12\/pocztowka-08-300x130.jpg\" width=\"300\" height=\"130\" srcset=\"http:\/\/piekarscy.com.pl\/wp-content\/uploads\/2016\/12\/pocztowka-08-300x130.jpg 300w, http:\/\/piekarscy.com.pl\/wp-content\/uploads\/2016\/12\/pocztowka-08-1024x445.jpg 1024w, http:\/\/piekarscy.com.pl\/wp-content\/uploads\/2016\/12\/pocztowka-08-624x271.jpg 624w\" sizes=\"auto, (max-width: 300px) 100vw, 300px\" \/><\/a><\/p>\n","protected":false},"excerpt":{"rendered":"<p>Dawniej ludzie zbierali poczt\u00f3wki. Pradziadek Ludwik Piekarski (ojciec dziadka Bronis\u0142awa piekarskiego) i pradziadek Antoni Adamski (ojciec babci Janki z Adamskich Piekarskiej) sporo podr\u00f3\u017cowali, g\u00f3wnie wg\u0142\u0105b Rosji. Zosta\u0142a po nich spora kolekcja poczt\u00f3wek.\u00a0Pokazuj\u0105\u00a0jak wygl\u0105da\u0142a Rosja w czasach carskich. Oto kolejna z poczt\u00f3wek. Prawdopodobnie pradziadka Antoniego Adamskiego, bo to on\u00a0by\u0142 w Moskwie. To Kreml widok z Kazanki.<\/p>\n","protected":false},"author":1,"featured_media":0,"comment_status":"closed","ping_status":"closed","sticky":false,"template":"","format":"standard","meta":{"footnotes":""},"categories":[5,3],"tags":[28,32,29,39,993,103],"class_list":["post-8278","post","type-post","status-publish","format-standard","hentry","category-adamscy","category-piekarscy","tag-antoni-adamski","tag-ludwik-piekarski","tag-ludwik-roch-piekarski","tag-ludwik-rola-piekarski","tag-moskwa","tag-pocztowka"],"_links":{"self":[{"href":"http:\/\/piekarscy.com.pl\/index.php?rest_route=\/wp\/v2\/posts\/8278","targetHints":{"allow":["GET"]}}],"collection":[{"href":"http:\/\/piekarscy.com.pl\/index.php?rest_route=\/wp\/v2\/posts"}],"about":[{"href":"http:\/\/piekarscy.com.pl\/index.php?rest_route=\/wp\/v2\/types\/post"}],"author":[{"embeddable":true,"href":"http:\/\/piekarscy.com.pl\/index.php?rest_route=\/wp\/v2\/users\/1"}],"replies":[{"embeddable":true,"href":"http:\/\/piekarscy.com.pl\/index.php?rest_route=%2Fwp%2Fv2%2Fcomments&post=8278"}],"version-history":[{"count":4,"href":"http:\/\/piekarscy.com.pl\/index.php?rest_route=\/wp\/v2\/posts\/8278\/revisions"}],"predecessor-version":[{"id":8291,"href":"http:\/\/piekarscy.com.pl\/index.php?rest_route=\/wp\/v2\/posts\/8278\/revisions\/8291"}],"wp:attachment":[{"href":"http:\/\/piekarscy.com.pl\/index.php?rest_route=%2Fwp%2Fv2%2Fmedia&parent=8278"}],"wp:term":[{"taxonomy":"category","embeddable":true,"href":"http:\/\/piekarscy.com.pl\/index.php?rest_route=%2Fwp%2Fv2%2Fcategories&post=8278"},{"taxonomy":"post_tag","embeddable":true,"href":"http:\/\/piekarscy.com.pl\/index.php?rest_route=%2Fwp%2Fv2%2Ftags&post=8278"}],"curies":[{"name":"wp","href":"https:\/\/api.w.org\/{rel}","templated":true}]}}