{"id":8299,"date":"2016-12-25T05:43:30","date_gmt":"2016-12-25T05:43:30","guid":{"rendered":"http:\/\/piekarscy.com.pl\/?p=8299"},"modified":"2016-12-09T23:46:48","modified_gmt":"2016-12-09T23:46:48","slug":"ze-zbioru-pocztowek-pradziadkow-cz-12","status":"publish","type":"post","link":"http:\/\/piekarscy.com.pl\/?p=8299","title":{"rendered":"Ze zbioru poczt\u00f3wek pradziadk\u00f3w cz. 12"},"content":{"rendered":"<p>Dawniej ludzie zbierali poczt\u00f3wki. Pradziadek Ludwik Piekarski (ojciec dziadka Bronis\u0142awa piekarskiego) i pradziadek Antoni Adamski (ojciec babci Janki z Adamskich Piekarskiej) sporo podr\u00f3\u017cowali, g\u00f3wnie wg\u0142\u0105b Rosji. Zosta\u0142a po nich spora kolekcja poczt\u00f3wek.\u00a0Pokazuj\u0105\u00a0jak wygl\u0105da\u0142a Rosja w czasach carskich.<\/p>\n<p>Oto kolejna z poczt\u00f3wek. Oto kolejna z poczt\u00f3wek. Prawdopodobnie\u00a0pradziadka Ludwika, bo to on je\u017adzi\u0142 na Krym. To jest Kercz i s\u0142ynne schody na g\u00f3r\u0119 Mitrydat. By\u0142am tu w 2009 roku.<\/p>\n<p><a href=\"http:\/\/piekarscy.com.pl\/wp-content\/uploads\/2016\/12\/pocztowka-13.jpg\"><img loading=\"lazy\" decoding=\"async\" class=\"aligncenter wp-image-8207 size-medium\" src=\"http:\/\/piekarscy.com.pl\/wp-content\/uploads\/2016\/12\/pocztowka-13-300x193.jpg\" width=\"300\" height=\"193\" srcset=\"http:\/\/piekarscy.com.pl\/wp-content\/uploads\/2016\/12\/pocztowka-13-300x193.jpg 300w, http:\/\/piekarscy.com.pl\/wp-content\/uploads\/2016\/12\/pocztowka-13-1024x657.jpg 1024w, http:\/\/piekarscy.com.pl\/wp-content\/uploads\/2016\/12\/pocztowka-13-624x400.jpg 624w\" sizes=\"auto, (max-width: 300px) 100vw, 300px\" \/><\/a><\/p>\n","protected":false},"excerpt":{"rendered":"<p>Dawniej ludzie zbierali poczt\u00f3wki. Pradziadek Ludwik Piekarski (ojciec dziadka Bronis\u0142awa piekarskiego) i pradziadek Antoni Adamski (ojciec babci Janki z Adamskich Piekarskiej) sporo podr\u00f3\u017cowali, g\u00f3wnie wg\u0142\u0105b Rosji. Zosta\u0142a po nich spora kolekcja poczt\u00f3wek.\u00a0Pokazuj\u0105\u00a0jak wygl\u0105da\u0142a Rosja w czasach carskich. Oto kolejna z poczt\u00f3wek. Oto kolejna z poczt\u00f3wek. Prawdopodobnie\u00a0pradziadka Ludwika, bo to on je\u017adzi\u0142 na Krym. To jest [&hellip;]<\/p>\n","protected":false},"author":1,"featured_media":0,"comment_status":"closed","ping_status":"closed","sticky":false,"template":"","format":"standard","meta":{"footnotes":""},"categories":[5,3],"tags":[28,995,985,984,32,29,39,103],"class_list":["post-8299","post","type-post","status-publish","format-standard","hentry","category-adamscy","category-piekarscy","tag-antoni-adamski","tag-gora-mitrydat","tag-kercz","tag-krym","tag-ludwik-piekarski","tag-ludwik-roch-piekarski","tag-ludwik-rola-piekarski","tag-pocztowka"],"_links":{"self":[{"href":"http:\/\/piekarscy.com.pl\/index.php?rest_route=\/wp\/v2\/posts\/8299","targetHints":{"allow":["GET"]}}],"collection":[{"href":"http:\/\/piekarscy.com.pl\/index.php?rest_route=\/wp\/v2\/posts"}],"about":[{"href":"http:\/\/piekarscy.com.pl\/index.php?rest_route=\/wp\/v2\/types\/post"}],"author":[{"embeddable":true,"href":"http:\/\/piekarscy.com.pl\/index.php?rest_route=\/wp\/v2\/users\/1"}],"replies":[{"embeddable":true,"href":"http:\/\/piekarscy.com.pl\/index.php?rest_route=%2Fwp%2Fv2%2Fcomments&post=8299"}],"version-history":[{"count":3,"href":"http:\/\/piekarscy.com.pl\/index.php?rest_route=\/wp\/v2\/posts\/8299\/revisions"}],"predecessor-version":[{"id":8302,"href":"http:\/\/piekarscy.com.pl\/index.php?rest_route=\/wp\/v2\/posts\/8299\/revisions\/8302"}],"wp:attachment":[{"href":"http:\/\/piekarscy.com.pl\/index.php?rest_route=%2Fwp%2Fv2%2Fmedia&parent=8299"}],"wp:term":[{"taxonomy":"category","embeddable":true,"href":"http:\/\/piekarscy.com.pl\/index.php?rest_route=%2Fwp%2Fv2%2Fcategories&post=8299"},{"taxonomy":"post_tag","embeddable":true,"href":"http:\/\/piekarscy.com.pl\/index.php?rest_route=%2Fwp%2Fv2%2Ftags&post=8299"}],"curies":[{"name":"wp","href":"https:\/\/api.w.org\/{rel}","templated":true}]}}