{"id":830,"date":"2014-01-22T00:05:10","date_gmt":"2014-01-22T00:05:10","guid":{"rendered":"http:\/\/piekarscy.com.pl\/?p=830"},"modified":"2014-01-11T03:03:27","modified_gmt":"2014-01-11T03:03:27","slug":"carski-paszport-pradziadka-antolenka","status":"publish","type":"post","link":"http:\/\/piekarscy.com.pl\/?p=830","title":{"rendered":"Carski paszport pradziadka Antole\u0144ka"},"content":{"rendered":"<p>By\u0142 ju\u017c carski paszport Prababci Karolci, czas na carski paszport jej m\u0119\u017ca, czyli pradziadka Antole\u0144ka. Ten dokument zachowa\u0142 si\u0119 w o wiele lepszym stanie. Mo\u017cna tez zobaczy\u0107, \u017ce zosta\u0142 przed\u0142u\u017cony o rok, czyli jest wa\u017cny na rok 1914&#8230; A wyda\u0142y go&#8230; koleje nadwi\u015bla\u0144skie.<\/p>\n<p><a href=\"http:\/\/piekarscy.com.pl\/wp-content\/uploads\/2014\/01\/paszport-zielony1.jpg\"><img loading=\"lazy\" decoding=\"async\" class=\"aligncenter size-medium wp-image-831\" alt=\"paszport-zielony1\" src=\"http:\/\/piekarscy.com.pl\/wp-content\/uploads\/2014\/01\/paszport-zielony1-300x234.jpg\" width=\"300\" height=\"234\" srcset=\"http:\/\/piekarscy.com.pl\/wp-content\/uploads\/2014\/01\/paszport-zielony1-300x234.jpg 300w, http:\/\/piekarscy.com.pl\/wp-content\/uploads\/2014\/01\/paszport-zielony1-1024x799.jpg 1024w, http:\/\/piekarscy.com.pl\/wp-content\/uploads\/2014\/01\/paszport-zielony1-624x487.jpg 624w, http:\/\/piekarscy.com.pl\/wp-content\/uploads\/2014\/01\/paszport-zielony1.jpg 1997w\" sizes=\"auto, (max-width: 300px) 100vw, 300px\" \/><\/a> <a href=\"http:\/\/piekarscy.com.pl\/wp-content\/uploads\/2014\/01\/paszport-zielony2.jpg\"><img loading=\"lazy\" decoding=\"async\" class=\"aligncenter size-medium wp-image-832\" alt=\"paszport-zielony2\" src=\"http:\/\/piekarscy.com.pl\/wp-content\/uploads\/2014\/01\/paszport-zielony2-300x252.jpg\" width=\"300\" height=\"252\" srcset=\"http:\/\/piekarscy.com.pl\/wp-content\/uploads\/2014\/01\/paszport-zielony2-300x252.jpg 300w, http:\/\/piekarscy.com.pl\/wp-content\/uploads\/2014\/01\/paszport-zielony2-1024x862.jpg 1024w, http:\/\/piekarscy.com.pl\/wp-content\/uploads\/2014\/01\/paszport-zielony2-624x525.jpg 624w, http:\/\/piekarscy.com.pl\/wp-content\/uploads\/2014\/01\/paszport-zielony2.jpg 1904w\" sizes=\"auto, (max-width: 300px) 100vw, 300px\" \/><\/a><\/p>\n","protected":false},"excerpt":{"rendered":"<p>By\u0142 ju\u017c carski paszport Prababci Karolci, czas na carski paszport jej m\u0119\u017ca, czyli pradziadka Antole\u0144ka. Ten dokument zachowa\u0142 si\u0119 w o wiele lepszym stanie. Mo\u017cna tez zobaczy\u0107, \u017ce zosta\u0142 przed\u0142u\u017cony o rok, czyli jest wa\u017cny na rok 1914&#8230; A wyda\u0142y go&#8230; koleje nadwi\u015bla\u0144skie.<\/p>\n","protected":false},"author":1,"featured_media":0,"comment_status":"closed","ping_status":"closed","sticky":false,"template":"","format":"standard","meta":{"footnotes":""},"categories":[5],"tags":[28,80,168],"class_list":["post-830","post","type-post","status-publish","format-standard","hentry","category-adamscy","tag-antoni-adamski","tag-dokument","tag-paszport"],"_links":{"self":[{"href":"http:\/\/piekarscy.com.pl\/index.php?rest_route=\/wp\/v2\/posts\/830","targetHints":{"allow":["GET"]}}],"collection":[{"href":"http:\/\/piekarscy.com.pl\/index.php?rest_route=\/wp\/v2\/posts"}],"about":[{"href":"http:\/\/piekarscy.com.pl\/index.php?rest_route=\/wp\/v2\/types\/post"}],"author":[{"embeddable":true,"href":"http:\/\/piekarscy.com.pl\/index.php?rest_route=\/wp\/v2\/users\/1"}],"replies":[{"embeddable":true,"href":"http:\/\/piekarscy.com.pl\/index.php?rest_route=%2Fwp%2Fv2%2Fcomments&post=830"}],"version-history":[{"count":2,"href":"http:\/\/piekarscy.com.pl\/index.php?rest_route=\/wp\/v2\/posts\/830\/revisions"}],"predecessor-version":[{"id":835,"href":"http:\/\/piekarscy.com.pl\/index.php?rest_route=\/wp\/v2\/posts\/830\/revisions\/835"}],"wp:attachment":[{"href":"http:\/\/piekarscy.com.pl\/index.php?rest_route=%2Fwp%2Fv2%2Fmedia&parent=830"}],"wp:term":[{"taxonomy":"category","embeddable":true,"href":"http:\/\/piekarscy.com.pl\/index.php?rest_route=%2Fwp%2Fv2%2Fcategories&post=830"},{"taxonomy":"post_tag","embeddable":true,"href":"http:\/\/piekarscy.com.pl\/index.php?rest_route=%2Fwp%2Fv2%2Ftags&post=830"}],"curies":[{"name":"wp","href":"https:\/\/api.w.org\/{rel}","templated":true}]}}