{"id":8316,"date":"2016-12-30T05:20:34","date_gmt":"2016-12-30T05:20:34","guid":{"rendered":"http:\/\/piekarscy.com.pl\/?p=8316"},"modified":"2016-12-09T23:47:18","modified_gmt":"2016-12-09T23:47:18","slug":"ze-zbioru-pocztowek-pradziadkow-cz-17","status":"publish","type":"post","link":"http:\/\/piekarscy.com.pl\/?p=8316","title":{"rendered":"Ze zbioru poczt\u00f3wek pradziadk\u00f3w cz. 17"},"content":{"rendered":"<p>Dawniej ludzie zbierali poczt\u00f3wki. Pradziadek Ludwik Piekarski (ojciec dziadka Bronis\u0142awa piekarskiego) i pradziadek Antoni Adamski (ojciec babci Janki z Adamskich Piekarskiej) sporo podr\u00f3\u017cowali, g\u00f3wnie wg\u0142\u0105b Rosji. Zosta\u0142a po nich spora kolekcja poczt\u00f3wek.\u00a0Pokazuj\u0105\u00a0jak wygl\u0105da\u0142a Rosja w czasach carskich.<\/p>\n<p>Oto kolejna z poczt\u00f3wek. Na pewno pradziadka Ludwika, bo to on by\u0142 na Kaukazie. To jest \u00a0Erewa\u0144 i tzw. B\u0142\u0119kitny meczet. Jak podaje Wikipedia to\u00a0jedyny meczet w Erewaniu &#8211; stolicy Armenii. Znajduje si\u0119 w centrum miasta, na ulicy Masztoca 12.\u00a0W XVI wieku, podczas panowania Imperium Safawid\u00f3w, szyizm zosta\u0142 uznany za religi\u0119 panuj\u0105c\u0105 w Persji, a tym samym na terytorium dzisiejszego Erewania. Meczet zosta\u0142 zbudowany w 1765 przez perskiego gubernatora Hosejna Alego Chana jako miejsce pi\u0105tkowego kazania. Istnia\u0142a przy nim medresa (szko\u0142a koraniczna). Gdy Rosjanie przej\u0119li Erewa\u0144 w 1827, B\u0142\u0119kitny Meczet by\u0142 najwi\u0119kszym z o\u015bmiu meczet\u00f3w w mie\u015bcie. W czasach ZSRR, po 1931 roku, meczet zamkni\u0119to i urz\u0105dzono w nim muzeum miejskie. Ponownie zacz\u0105\u0142 pe\u0142ni\u0107 funkcje religijne po odzyskaniu przez Armeni\u0119 niepodleg\u0142o\u015bci. Jest uwa\u017cany za symbol dobros\u0105siedzkich stosunk\u00f3w mi\u0119dzy Iranem a Armeni\u0105. W latach 1996-1999 zosta\u0142 odrestaurowany z funduszy ira\u0144skich. Restauracja meczetu nie w\u015br\u00f3d wszystkich zdoby\u0142a uznanie, krytyce poddano to, i\u017c nie zachowano w pe\u0142ni dawnego wygl\u0105du \u015bwi\u0105tyni. Meczet wie\u0144cz\u0105 dwudziestometrowa kopu\u0142a i minaret o wysoko\u015bci 24 metr\u00f3w, kt\u00f3re podobnie jak portal s\u0105 ozdobione jasnoniebiesk\u0105, wpadaj\u0105c\u0105 w odcie\u0144 turkusowy mozaik\u0105. Przed budynkiem rozci\u0105ga si\u0119 ogr\u00f3d, w kt\u00f3rego centralnej cz\u0119\u015bci po\u0142o\u017cona jest fontanna s\u0142u\u017c\u0105ca wiernym do rytualnego obmywania si\u0119. Wok\u00f3\u0142 ogrodu znajduje si\u0119 kompleks budynk\u00f3w, a w\u015br\u00f3d nich biblioteka oraz wystawa ira\u0144skiej ceramiki. Ca\u0142o\u015b\u0107 zajmuje powierzchni\u0119 7000 m\u00b2. We wn\u0119trzach dominuje minimalizm, \u015bciany nie s\u0105 pokryte p\u0142ytkami i nie posiadaj\u0105 typowych element\u00f3w z islamsk\u0105 kaligrafi\u0105. Prostot\u0105 odznaczaj\u0105 si\u0119 tak\u017ce mihrab i minbar. Meczet mo\u017cna zwiedza\u0107.<\/p>\n<p>&nbsp;<\/p>\n<p><a href=\"http:\/\/piekarscy.com.pl\/wp-content\/uploads\/2016\/12\/pocztowka-18.jpg\"><img loading=\"lazy\" decoding=\"async\" class=\"aligncenter wp-image-8212 size-medium\" src=\"http:\/\/piekarscy.com.pl\/wp-content\/uploads\/2016\/12\/pocztowka-18-300x192.jpg\" width=\"300\" height=\"192\" srcset=\"http:\/\/piekarscy.com.pl\/wp-content\/uploads\/2016\/12\/pocztowka-18-300x192.jpg 300w, http:\/\/piekarscy.com.pl\/wp-content\/uploads\/2016\/12\/pocztowka-18-1024x655.jpg 1024w, http:\/\/piekarscy.com.pl\/wp-content\/uploads\/2016\/12\/pocztowka-18-624x399.jpg 624w\" sizes=\"auto, (max-width: 300px) 100vw, 300px\" \/><\/a><\/p>\n","protected":false},"excerpt":{"rendered":"<p>Dawniej ludzie zbierali poczt\u00f3wki. Pradziadek Ludwik Piekarski (ojciec dziadka Bronis\u0142awa piekarskiego) i pradziadek Antoni Adamski (ojciec babci Janki z Adamskich Piekarskiej) sporo podr\u00f3\u017cowali, g\u00f3wnie wg\u0142\u0105b Rosji. Zosta\u0142a po nich spora kolekcja poczt\u00f3wek.\u00a0Pokazuj\u0105\u00a0jak wygl\u0105da\u0142a Rosja w czasach carskich. Oto kolejna z poczt\u00f3wek. Na pewno pradziadka Ludwika, bo to on by\u0142 na Kaukazie. To jest \u00a0Erewa\u0144 i [&hellip;]<\/p>\n","protected":false},"author":1,"featured_media":0,"comment_status":"closed","ping_status":"closed","sticky":false,"template":"","format":"standard","meta":{"footnotes":""},"categories":[5,3],"tags":[28,1001,994,622,32,29,39,103],"class_list":["post-8316","post","type-post","status-publish","format-standard","hentry","category-adamscy","category-piekarscy","tag-antoni-adamski","tag-blekitny-meczet","tag-erewan","tag-kaukaz","tag-ludwik-piekarski","tag-ludwik-roch-piekarski","tag-ludwik-rola-piekarski","tag-pocztowka"],"_links":{"self":[{"href":"http:\/\/piekarscy.com.pl\/index.php?rest_route=\/wp\/v2\/posts\/8316","targetHints":{"allow":["GET"]}}],"collection":[{"href":"http:\/\/piekarscy.com.pl\/index.php?rest_route=\/wp\/v2\/posts"}],"about":[{"href":"http:\/\/piekarscy.com.pl\/index.php?rest_route=\/wp\/v2\/types\/post"}],"author":[{"embeddable":true,"href":"http:\/\/piekarscy.com.pl\/index.php?rest_route=\/wp\/v2\/users\/1"}],"replies":[{"embeddable":true,"href":"http:\/\/piekarscy.com.pl\/index.php?rest_route=%2Fwp%2Fv2%2Fcomments&post=8316"}],"version-history":[{"count":1,"href":"http:\/\/piekarscy.com.pl\/index.php?rest_route=\/wp\/v2\/posts\/8316\/revisions"}],"predecessor-version":[{"id":8317,"href":"http:\/\/piekarscy.com.pl\/index.php?rest_route=\/wp\/v2\/posts\/8316\/revisions\/8317"}],"wp:attachment":[{"href":"http:\/\/piekarscy.com.pl\/index.php?rest_route=%2Fwp%2Fv2%2Fmedia&parent=8316"}],"wp:term":[{"taxonomy":"category","embeddable":true,"href":"http:\/\/piekarscy.com.pl\/index.php?rest_route=%2Fwp%2Fv2%2Fcategories&post=8316"},{"taxonomy":"post_tag","embeddable":true,"href":"http:\/\/piekarscy.com.pl\/index.php?rest_route=%2Fwp%2Fv2%2Ftags&post=8316"}],"curies":[{"name":"wp","href":"https:\/\/api.w.org\/{rel}","templated":true}]}}