{"id":8332,"date":"2017-01-05T05:50:33","date_gmt":"2017-01-05T05:50:33","guid":{"rendered":"http:\/\/piekarscy.com.pl\/?p=8332"},"modified":"2016-12-09T23:48:15","modified_gmt":"2016-12-09T23:48:15","slug":"ze-zbioru-pocztowek-pradziadkow-cz-23","status":"publish","type":"post","link":"http:\/\/piekarscy.com.pl\/?p=8332","title":{"rendered":"Ze zbioru poczt\u00f3wek pradziadk\u00f3w cz. 23"},"content":{"rendered":"<p>Dawniej ludzie zbierali poczt\u00f3wki. Pradziadek Ludwik Piekarski (ojciec dziadka Bronis\u0142awa piekarskiego) i pradziadek Antoni Adamski (ojciec babci Janki z Adamskich Piekarskiej) sporo podr\u00f3\u017cowali, g\u00f3wnie wg\u0142\u0105b Rosji. Zosta\u0142a po nich spora kolekcja poczt\u00f3wek.\u00a0Pokazuj\u0105\u00a0jak wygl\u0105da\u0142a Rosja w czasach carskich.<\/p>\n<p>Oto kolejna z poczt\u00f3wek. Na pewno pradziadka Ludwika, bo to on je\u017adzi\u0142 na Krym. To jest pa\u0142ac w Liwadii. By\u0142am tu w 2009 roku.\u00a0Jak podaje Wikipedia pocz\u0105tki za\u0142o\u017cenia parkowo-pa\u0142acowego si\u0119gaj\u0105 1834, gdy polski magnat Leon Potocki, syn Seweryna, na zakupionym przez siebie terenie zbudowa\u0142 niewielk\u0105 rezydencj\u0119, kaplic\u0119 katolick\u0105 i park. W 1860, po \u015bmierci Potockiego, posiad\u0142o\u015b\u0107 kupi\u0142 cesarz Aleksander II Romanow. Na jego polecenie Hipolit Monigetti przebudowa\u0142 dom Potockich na pa\u0142ac, zbudowa\u0142 kaplic\u0119 prawos\u0142awn\u0105 i wybudowa\u0142 Ma\u0142y Pa\u0142ac (dzi\u015b nie istnieje) oraz oran\u017ceri\u0119. W 1895 znacz\u0105co powi\u0119kszono i odnowiono park Potockich. W 1910\u20131911, na polecenie Miko\u0142aja II Romanowa, rozebrano stary budynek, w miejscu kt\u00f3rego architekt Niko\u0142aj Krasnow wybudowa\u0142 neorenesansowy pa\u0142ac, wi\u0119kszy i bardziej reprezentacyjny, zwany Bia\u0142ym lub Wielkim. Zbudowany jest z bia\u0142ego g\u00f3rnokredowego wapienia przywiezionego z Inkermanu, fasady i wn\u0119trza ma wyko\u0144czone bia\u0142ym marmurem karraryjskim oraz bia\u0142ymi stiukami, czemu pa\u0142ac zawdzi\u0119cza sw\u0105 nazw\u0119. Wewn\u0105trz pa\u0142acu powsta\u0142o tzw. \u201ePatio w\u0142oskie\u201d, r\u00f3wnie\u017c bogato zdobione marmurem i w stylu neorenesansowym. Krasnow dobudowa\u0142 do \u015bwi\u0105tyni Potockich zachodni\u0105 cz\u0119\u015b\u0107, znacznie powi\u0119kszaj\u0105c pierwotn\u0105 kaplic\u0119. W nast\u0119pnych latach powsta\u0142o w kompleksie kilka budynk\u00f3w gospodarczych oraz rezydencji dworzan. Pa\u0142ac w Liwadii by\u0142 ulubionym miejscem letniego wypoczynku w\u0142adc\u00f3w Rosji. Zmar\u0142 tu w 1894 cesarz Aleksander III Romanow. Rodzina ostatniego rosyjskiego monarchy Miko\u0142aja II przebywa\u0142a tu czterokrotnie i sp\u0119dzi\u0142a \u0142\u0105cznie rok. Po rewolucji bolszewickiej i ostatecznym upadku w\u0142adzy bia\u0142ych pa\u0142ac upa\u0144stwowiono. W latach 1925\u20131974, z kr\u00f3tkimi przerwami w ca\u0142ym kompleksie mie\u015bci\u0142o si\u0119 sanatorium. Od 16 lipca 1974 w Wielkim Pa\u0142acu mie\u015bci si\u0119 muzeum, pocz\u0105tkowo po\u015bwi\u0119cone g\u0142\u00f3wnie Konferencji ja\u0142ta\u0144skiej (podczas jej trwania w liwadyjskim pa\u0142acu rezydowa\u0142 prezydent Stan\u00f3w Zjednoczonych Franklin D. Roosevelt), a obecnie tak\u017ce rodzinie carskiej Miko\u0142aja II. Wyposa\u017cenie ruchome z czas\u00f3w carskich nie zachowa\u0142o si\u0119. W parku pa\u0142acowym liczne cenne okazy drzew, m.in. mamutowc\u00f3w, ale park jest zaniedbany.<\/p>\n<p><a href=\"http:\/\/piekarscy.com.pl\/wp-content\/uploads\/2016\/12\/pocztowka-24.jpg\"><img loading=\"lazy\" decoding=\"async\" class=\"aligncenter wp-image-8218 size-medium\" src=\"http:\/\/piekarscy.com.pl\/wp-content\/uploads\/2016\/12\/pocztowka-24-300x195.jpg\" width=\"300\" height=\"195\" srcset=\"http:\/\/piekarscy.com.pl\/wp-content\/uploads\/2016\/12\/pocztowka-24-300x195.jpg 300w, http:\/\/piekarscy.com.pl\/wp-content\/uploads\/2016\/12\/pocztowka-24-1024x667.jpg 1024w, http:\/\/piekarscy.com.pl\/wp-content\/uploads\/2016\/12\/pocztowka-24-624x407.jpg 624w\" sizes=\"auto, (max-width: 300px) 100vw, 300px\" \/><\/a><\/p>\n","protected":false},"excerpt":{"rendered":"<p>Dawniej ludzie zbierali poczt\u00f3wki. Pradziadek Ludwik Piekarski (ojciec dziadka Bronis\u0142awa piekarskiego) i pradziadek Antoni Adamski (ojciec babci Janki z Adamskich Piekarskiej) sporo podr\u00f3\u017cowali, g\u00f3wnie wg\u0142\u0105b Rosji. Zosta\u0142a po nich spora kolekcja poczt\u00f3wek.\u00a0Pokazuj\u0105\u00a0jak wygl\u0105da\u0142a Rosja w czasach carskich. Oto kolejna z poczt\u00f3wek. Na pewno pradziadka Ludwika, bo to on je\u017adzi\u0142 na Krym. To jest pa\u0142ac w [&hellip;]<\/p>\n","protected":false},"author":1,"featured_media":0,"comment_status":"closed","ping_status":"closed","sticky":false,"template":"","format":"standard","meta":{"footnotes":""},"categories":[3],"tags":[28,984,1009,32,29,39,103],"class_list":["post-8332","post","type-post","status-publish","format-standard","hentry","category-piekarscy","tag-antoni-adamski","tag-krym","tag-liwadia","tag-ludwik-piekarski","tag-ludwik-roch-piekarski","tag-ludwik-rola-piekarski","tag-pocztowka"],"_links":{"self":[{"href":"http:\/\/piekarscy.com.pl\/index.php?rest_route=\/wp\/v2\/posts\/8332","targetHints":{"allow":["GET"]}}],"collection":[{"href":"http:\/\/piekarscy.com.pl\/index.php?rest_route=\/wp\/v2\/posts"}],"about":[{"href":"http:\/\/piekarscy.com.pl\/index.php?rest_route=\/wp\/v2\/types\/post"}],"author":[{"embeddable":true,"href":"http:\/\/piekarscy.com.pl\/index.php?rest_route=\/wp\/v2\/users\/1"}],"replies":[{"embeddable":true,"href":"http:\/\/piekarscy.com.pl\/index.php?rest_route=%2Fwp%2Fv2%2Fcomments&post=8332"}],"version-history":[{"count":1,"href":"http:\/\/piekarscy.com.pl\/index.php?rest_route=\/wp\/v2\/posts\/8332\/revisions"}],"predecessor-version":[{"id":8333,"href":"http:\/\/piekarscy.com.pl\/index.php?rest_route=\/wp\/v2\/posts\/8332\/revisions\/8333"}],"wp:attachment":[{"href":"http:\/\/piekarscy.com.pl\/index.php?rest_route=%2Fwp%2Fv2%2Fmedia&parent=8332"}],"wp:term":[{"taxonomy":"category","embeddable":true,"href":"http:\/\/piekarscy.com.pl\/index.php?rest_route=%2Fwp%2Fv2%2Fcategories&post=8332"},{"taxonomy":"post_tag","embeddable":true,"href":"http:\/\/piekarscy.com.pl\/index.php?rest_route=%2Fwp%2Fv2%2Ftags&post=8332"}],"curies":[{"name":"wp","href":"https:\/\/api.w.org\/{rel}","templated":true}]}}