{"id":8489,"date":"2017-02-15T05:40:39","date_gmt":"2017-02-15T05:40:39","guid":{"rendered":"http:\/\/piekarscy.com.pl\/?p=8489"},"modified":"2017-02-14T10:03:44","modified_gmt":"2017-02-14T10:03:44","slug":"akt-slubu-prapradziadkow-adamskich","status":"publish","type":"post","link":"http:\/\/piekarscy.com.pl\/?p=8489","title":{"rendered":"Akt \u015blubu prapradziadk\u00f3w Adamskich"},"content":{"rendered":"<p>To akt \u015blubu prapradziadka Mateusza Adamskiego i praprababci Emilii z Wr\u00f3blewskich. Rok 1875 parafia MB Loreta\u0144skiej w Warszawie. Jak wida\u0107 oboje umieli czyta\u0107 i pisa\u0107, bo podpisali si\u0119.<\/p>\n<p><a href=\"http:\/\/piekarscy.com.pl\/wp-content\/uploads\/2017\/02\/slub-mateusza-i-emilii.jpg\"><img loading=\"lazy\" decoding=\"async\" class=\"aligncenter size-medium wp-image-8490\" src=\"http:\/\/piekarscy.com.pl\/wp-content\/uploads\/2017\/02\/slub-mateusza-i-emilii-196x300.jpg\" alt=\"\" width=\"196\" height=\"300\" srcset=\"http:\/\/piekarscy.com.pl\/wp-content\/uploads\/2017\/02\/slub-mateusza-i-emilii-196x300.jpg 196w, http:\/\/piekarscy.com.pl\/wp-content\/uploads\/2017\/02\/slub-mateusza-i-emilii-669x1024.jpg 669w, http:\/\/piekarscy.com.pl\/wp-content\/uploads\/2017\/02\/slub-mateusza-i-emilii-624x955.jpg 624w\" sizes=\"auto, (max-width: 196px) 100vw, 196px\" \/><\/a><\/p>\n","protected":false},"excerpt":{"rendered":"<p>To akt \u015blubu prapradziadka Mateusza Adamskiego i praprababci Emilii z Wr\u00f3blewskich. Rok 1875 parafia MB Loreta\u0144skiej w Warszawie. Jak wida\u0107 oboje umieli czyta\u0107 i pisa\u0107, bo podpisali si\u0119.<\/p>\n","protected":false},"author":1,"featured_media":0,"comment_status":"closed","ping_status":"closed","sticky":false,"template":"","format":"standard","meta":{"footnotes":""},"categories":[5,10],"tags":[370,21,17,18,700],"class_list":["post-8489","post","type-post","status-publish","format-standard","hentry","category-adamscy","category-wroblewscy","tag-akt-slubu","tag-emilia-adamska","tag-emilia-wroblewska","tag-emilia-z-wroblewskich-adamska","tag-mateusz-adamski"],"_links":{"self":[{"href":"http:\/\/piekarscy.com.pl\/index.php?rest_route=\/wp\/v2\/posts\/8489","targetHints":{"allow":["GET"]}}],"collection":[{"href":"http:\/\/piekarscy.com.pl\/index.php?rest_route=\/wp\/v2\/posts"}],"about":[{"href":"http:\/\/piekarscy.com.pl\/index.php?rest_route=\/wp\/v2\/types\/post"}],"author":[{"embeddable":true,"href":"http:\/\/piekarscy.com.pl\/index.php?rest_route=\/wp\/v2\/users\/1"}],"replies":[{"embeddable":true,"href":"http:\/\/piekarscy.com.pl\/index.php?rest_route=%2Fwp%2Fv2%2Fcomments&post=8489"}],"version-history":[{"count":3,"href":"http:\/\/piekarscy.com.pl\/index.php?rest_route=\/wp\/v2\/posts\/8489\/revisions"}],"predecessor-version":[{"id":8493,"href":"http:\/\/piekarscy.com.pl\/index.php?rest_route=\/wp\/v2\/posts\/8489\/revisions\/8493"}],"wp:attachment":[{"href":"http:\/\/piekarscy.com.pl\/index.php?rest_route=%2Fwp%2Fv2%2Fmedia&parent=8489"}],"wp:term":[{"taxonomy":"category","embeddable":true,"href":"http:\/\/piekarscy.com.pl\/index.php?rest_route=%2Fwp%2Fv2%2Fcategories&post=8489"},{"taxonomy":"post_tag","embeddable":true,"href":"http:\/\/piekarscy.com.pl\/index.php?rest_route=%2Fwp%2Fv2%2Ftags&post=8489"}],"curies":[{"name":"wp","href":"https:\/\/api.w.org\/{rel}","templated":true}]}}