{"id":8494,"date":"2017-02-16T05:15:13","date_gmt":"2017-02-16T05:15:13","guid":{"rendered":"http:\/\/piekarscy.com.pl\/?p=8494"},"modified":"2017-02-14T12:09:20","modified_gmt":"2017-02-14T12:09:20","slug":"akt-slubu-praprapradziadkow-karoliny-heleny-i-jana-aleksandra-leopolda-neumannow","status":"publish","type":"post","link":"http:\/\/piekarscy.com.pl\/?p=8494","title":{"rendered":"Akt \u015blubu praprapradziadk\u00f3w Karoliny Heleny i Jana Aleksandra Leopolda Neumann\u00f3w"},"content":{"rendered":"<p>Oto jak pobierali si\u0119 ewangelicy z Saskiej K\u0119py. W parafii \u015awi\u0119tej Tr\u00f3jcy przy pl. Ma\u0142achowskiego. \u015alub poprzedza\u0142y trzykrotne zapowiedzi.<br \/>\nOn &#8211; Jan Aleksander Leopold Neumann syn Krystiana Neumanna i Marii El\u017cbiety z Bensch\u00f3w. Ona Karolina Helena Schink c\u00f3rka Micha\u0142a Schinka (dzi\u015b obowi\u0105zuje spolszczona wersja nazwiska: Szenk) i Eufrozyny Jops vel Jobs, bo i tak w innych aktach zapisywane jest\u00a0to nazwisko.\u00a0<a href=\"http:\/\/piekarscy.com.pl\/wp-content\/uploads\/2017\/02\/akt-slubu-prapraprababci-karoliny.jpg\"><img loading=\"lazy\" decoding=\"async\" class=\"aligncenter size-medium wp-image-8495\" src=\"http:\/\/piekarscy.com.pl\/wp-content\/uploads\/2017\/02\/akt-slubu-prapraprababci-karoliny-194x300.jpg\" alt=\"\" width=\"194\" height=\"300\" srcset=\"http:\/\/piekarscy.com.pl\/wp-content\/uploads\/2017\/02\/akt-slubu-prapraprababci-karoliny-194x300.jpg 194w, http:\/\/piekarscy.com.pl\/wp-content\/uploads\/2017\/02\/akt-slubu-prapraprababci-karoliny-661x1024.jpg 661w, http:\/\/piekarscy.com.pl\/wp-content\/uploads\/2017\/02\/akt-slubu-prapraprababci-karoliny-624x966.jpg 624w, http:\/\/piekarscy.com.pl\/wp-content\/uploads\/2017\/02\/akt-slubu-prapraprababci-karoliny.jpg 1463w\" sizes=\"auto, (max-width: 194px) 100vw, 194px\" \/><\/a><\/p>\n","protected":false},"excerpt":{"rendered":"<p>Oto jak pobierali si\u0119 ewangelicy z Saskiej K\u0119py. W parafii \u015awi\u0119tej Tr\u00f3jcy przy pl. Ma\u0142achowskiego. \u015alub poprzedza\u0142y trzykrotne zapowiedzi. On &#8211; Jan Aleksander Leopold Neumann syn Krystiana Neumanna i Marii El\u017cbiety z Bensch\u00f3w. Ona Karolina Helena Schink c\u00f3rka Micha\u0142a Schinka (dzi\u015b obowi\u0105zuje spolszczona wersja nazwiska: Szenk) i Eufrozyny Jops vel Jobs, bo i tak w [&hellip;]<\/p>\n","protected":false},"author":1,"featured_media":0,"comment_status":"closed","ping_status":"closed","sticky":false,"template":"","format":"standard","meta":{"footnotes":""},"categories":[1046,401,14,15],"tags":[370,1047,1049,1050,1051,1052,55,1048,1053,1054,341],"class_list":["post-8494","post","type-post","status-publish","format-standard","hentry","category-bensch","category-jops","category-neumann","category-szenk","tag-akt-slubu","tag-eufrozyna-jops","tag-jan-aleksander-leopold-neumann","tag-karolina-helena-schink","tag-karolina-helena-szenk","tag-karolina-neumann","tag-karolina-szenk","tag-krystian-neumann","tag-maria-elzbieta-bensch","tag-michal-schink","tag-michal-szenk"],"_links":{"self":[{"href":"http:\/\/piekarscy.com.pl\/index.php?rest_route=\/wp\/v2\/posts\/8494","targetHints":{"allow":["GET"]}}],"collection":[{"href":"http:\/\/piekarscy.com.pl\/index.php?rest_route=\/wp\/v2\/posts"}],"about":[{"href":"http:\/\/piekarscy.com.pl\/index.php?rest_route=\/wp\/v2\/types\/post"}],"author":[{"embeddable":true,"href":"http:\/\/piekarscy.com.pl\/index.php?rest_route=\/wp\/v2\/users\/1"}],"replies":[{"embeddable":true,"href":"http:\/\/piekarscy.com.pl\/index.php?rest_route=%2Fwp%2Fv2%2Fcomments&post=8494"}],"version-history":[{"count":1,"href":"http:\/\/piekarscy.com.pl\/index.php?rest_route=\/wp\/v2\/posts\/8494\/revisions"}],"predecessor-version":[{"id":8496,"href":"http:\/\/piekarscy.com.pl\/index.php?rest_route=\/wp\/v2\/posts\/8494\/revisions\/8496"}],"wp:attachment":[{"href":"http:\/\/piekarscy.com.pl\/index.php?rest_route=%2Fwp%2Fv2%2Fmedia&parent=8494"}],"wp:term":[{"taxonomy":"category","embeddable":true,"href":"http:\/\/piekarscy.com.pl\/index.php?rest_route=%2Fwp%2Fv2%2Fcategories&post=8494"},{"taxonomy":"post_tag","embeddable":true,"href":"http:\/\/piekarscy.com.pl\/index.php?rest_route=%2Fwp%2Fv2%2Ftags&post=8494"}],"curies":[{"name":"wp","href":"https:\/\/api.w.org\/{rel}","templated":true}]}}