{"id":8537,"date":"2017-02-23T04:30:46","date_gmt":"2017-02-23T04:30:46","guid":{"rendered":"http:\/\/piekarscy.com.pl\/?p=8537"},"modified":"2017-02-18T12:43:29","modified_gmt":"2017-02-18T12:43:29","slug":"akt-zgonu-prapraprapraprababci-franciszki-dobosiewcz","status":"publish","type":"post","link":"http:\/\/piekarscy.com.pl\/?p=8537","title":{"rendered":"Akt zgonu prapraprapraprababci Franciszki Dobosiewcz"},"content":{"rendered":"<p>Tak to w wieku lat 67\u00a0zmar\u0142a w 1837 roku w Warszawie moja 5 razy prababcia Franciszka z Rakowskich Dobosiewicz. Wdowa po\u00a0rze\u017aniku. To jej syn Hiacynt (Jacenty) Dobosiewicz by\u0142 ojcem J\u00f3zefy Stalskiej, matki Julii Piekarskiej \u017cony Micha\u0142a Piekarskiego mojego prapradziadka.<\/p>\n<p><a href=\"http:\/\/piekarscy.com.pl\/wp-content\/uploads\/2017\/02\/akt-zgonu-franciszka-dobosiewicz-z-rakowskich.jpg\"><img loading=\"lazy\" decoding=\"async\" class=\"aligncenter size-medium wp-image-8538\" src=\"http:\/\/piekarscy.com.pl\/wp-content\/uploads\/2017\/02\/akt-zgonu-franciszka-dobosiewicz-z-rakowskich-300x167.jpg\" alt=\"\" width=\"300\" height=\"167\" srcset=\"http:\/\/piekarscy.com.pl\/wp-content\/uploads\/2017\/02\/akt-zgonu-franciszka-dobosiewicz-z-rakowskich-300x167.jpg 300w, http:\/\/piekarscy.com.pl\/wp-content\/uploads\/2017\/02\/akt-zgonu-franciszka-dobosiewicz-z-rakowskich-1024x571.jpg 1024w, http:\/\/piekarscy.com.pl\/wp-content\/uploads\/2017\/02\/akt-zgonu-franciszka-dobosiewicz-z-rakowskich-624x348.jpg 624w\" sizes=\"auto, (max-width: 300px) 100vw, 300px\" \/><\/a> <a href=\"http:\/\/piekarscy.com.pl\/wp-content\/uploads\/2017\/02\/1240-1245.jpg\"><img loading=\"lazy\" decoding=\"async\" class=\"aligncenter size-medium wp-image-8539\" src=\"http:\/\/piekarscy.com.pl\/wp-content\/uploads\/2017\/02\/1240-1245-300x224.jpg\" alt=\"\" width=\"300\" height=\"224\" srcset=\"http:\/\/piekarscy.com.pl\/wp-content\/uploads\/2017\/02\/1240-1245-300x224.jpg 300w, http:\/\/piekarscy.com.pl\/wp-content\/uploads\/2017\/02\/1240-1245-1024x766.jpg 1024w, http:\/\/piekarscy.com.pl\/wp-content\/uploads\/2017\/02\/1240-1245-624x467.jpg 624w\" sizes=\"auto, (max-width: 300px) 100vw, 300px\" \/><\/a><\/p>\n","protected":false},"excerpt":{"rendered":"<p>Tak to w wieku lat 67\u00a0zmar\u0142a w 1837 roku w Warszawie moja 5 razy prababcia Franciszka z Rakowskich Dobosiewicz. Wdowa po\u00a0rze\u017aniku. To jej syn Hiacynt (Jacenty) Dobosiewicz by\u0142 ojcem J\u00f3zefy Stalskiej, matki Julii Piekarskiej \u017cony Micha\u0142a Piekarskiego mojego prapradziadka.<\/p>\n","protected":false},"author":1,"featured_media":0,"comment_status":"closed","ping_status":"closed","sticky":false,"template":"","format":"standard","meta":{"footnotes":""},"categories":[664,1062],"tags":[298,1092,1066,1065],"class_list":["post-8537","post","type-post","status-publish","format-standard","hentry","category-dobosiewicz","category-rakowscy","tag-akt-zgonu","tag-franciszka-dobosiewicz","tag-franciszka-rakowska","tag-franciszka-z-rakowskich-dobosiewicz"],"_links":{"self":[{"href":"http:\/\/piekarscy.com.pl\/index.php?rest_route=\/wp\/v2\/posts\/8537","targetHints":{"allow":["GET"]}}],"collection":[{"href":"http:\/\/piekarscy.com.pl\/index.php?rest_route=\/wp\/v2\/posts"}],"about":[{"href":"http:\/\/piekarscy.com.pl\/index.php?rest_route=\/wp\/v2\/types\/post"}],"author":[{"embeddable":true,"href":"http:\/\/piekarscy.com.pl\/index.php?rest_route=\/wp\/v2\/users\/1"}],"replies":[{"embeddable":true,"href":"http:\/\/piekarscy.com.pl\/index.php?rest_route=%2Fwp%2Fv2%2Fcomments&post=8537"}],"version-history":[{"count":4,"href":"http:\/\/piekarscy.com.pl\/index.php?rest_route=\/wp\/v2\/posts\/8537\/revisions"}],"predecessor-version":[{"id":8543,"href":"http:\/\/piekarscy.com.pl\/index.php?rest_route=\/wp\/v2\/posts\/8537\/revisions\/8543"}],"wp:attachment":[{"href":"http:\/\/piekarscy.com.pl\/index.php?rest_route=%2Fwp%2Fv2%2Fmedia&parent=8537"}],"wp:term":[{"taxonomy":"category","embeddable":true,"href":"http:\/\/piekarscy.com.pl\/index.php?rest_route=%2Fwp%2Fv2%2Fcategories&post=8537"},{"taxonomy":"post_tag","embeddable":true,"href":"http:\/\/piekarscy.com.pl\/index.php?rest_route=%2Fwp%2Fv2%2Ftags&post=8537"}],"curies":[{"name":"wp","href":"https:\/\/api.w.org\/{rel}","templated":true}]}}