{"id":8548,"date":"2017-02-25T05:10:39","date_gmt":"2017-02-25T05:10:39","guid":{"rendered":"http:\/\/piekarscy.com.pl\/?p=8548"},"modified":"2017-02-18T14:36:10","modified_gmt":"2017-02-18T14:36:10","slug":"akt-urodzenia-jozefy-siostry-prapradziadka-wladyslawa-przybytkowskiego","status":"publish","type":"post","link":"http:\/\/piekarscy.com.pl\/?p=8548","title":{"rendered":"Akt urodzenia J\u00f3zefy siostry prapradziadka W\u0142adys\u0142awa Przybytkowskiego"},"content":{"rendered":"<p>Oto akt urodzenia siostry prapradziadka W\u0142adys\u0142awa Przybytkowskiego &#8211; J\u00f3zefy. Wszystko mia\u0142o miejsce na Saskiej K\u0119pie.\u00a0<a href=\"http:\/\/piekarscy.com.pl\/wp-content\/uploads\/2017\/02\/akt-urodzenia-jozefy-przybytkowskiej.jpg\"><img loading=\"lazy\" decoding=\"async\" class=\"aligncenter size-medium wp-image-8549\" src=\"http:\/\/piekarscy.com.pl\/wp-content\/uploads\/2017\/02\/akt-urodzenia-jozefy-przybytkowskiej-300x184.jpg\" alt=\"\" width=\"300\" height=\"184\" srcset=\"http:\/\/piekarscy.com.pl\/wp-content\/uploads\/2017\/02\/akt-urodzenia-jozefy-przybytkowskiej-300x184.jpg 300w, http:\/\/piekarscy.com.pl\/wp-content\/uploads\/2017\/02\/akt-urodzenia-jozefy-przybytkowskiej-1024x627.jpg 1024w, http:\/\/piekarscy.com.pl\/wp-content\/uploads\/2017\/02\/akt-urodzenia-jozefy-przybytkowskiej-624x382.jpg 624w\" sizes=\"auto, (max-width: 300px) 100vw, 300px\" \/><\/a> <a href=\"http:\/\/piekarscy.com.pl\/wp-content\/uploads\/2017\/02\/130-135.jpg\"><img loading=\"lazy\" decoding=\"async\" class=\"aligncenter size-medium wp-image-8550\" src=\"http:\/\/piekarscy.com.pl\/wp-content\/uploads\/2017\/02\/130-135-300x236.jpg\" alt=\"\" width=\"300\" height=\"236\" srcset=\"http:\/\/piekarscy.com.pl\/wp-content\/uploads\/2017\/02\/130-135-300x236.jpg 300w, http:\/\/piekarscy.com.pl\/wp-content\/uploads\/2017\/02\/130-135-1024x806.jpg 1024w, http:\/\/piekarscy.com.pl\/wp-content\/uploads\/2017\/02\/130-135-624x491.jpg 624w\" sizes=\"auto, (max-width: 300px) 100vw, 300px\" \/><\/a><\/p>\n","protected":false},"excerpt":{"rendered":"<p>Oto akt urodzenia siostry prapradziadka W\u0142adys\u0142awa Przybytkowskiego &#8211; J\u00f3zefy. Wszystko mia\u0142o miejsce na Saskiej K\u0119pie.\u00a0<\/p>\n","protected":false},"author":1,"featured_media":0,"comment_status":"closed","ping_status":"closed","sticky":false,"template":"","format":"standard","meta":{"footnotes":""},"categories":[7],"tags":[96,1094,416],"class_list":["post-8548","post","type-post","status-publish","format-standard","hentry","category-przybytkowscy","tag-akt-urodzenia","tag-jozefa-przybytkowska","tag-saska-kepa"],"_links":{"self":[{"href":"http:\/\/piekarscy.com.pl\/index.php?rest_route=\/wp\/v2\/posts\/8548","targetHints":{"allow":["GET"]}}],"collection":[{"href":"http:\/\/piekarscy.com.pl\/index.php?rest_route=\/wp\/v2\/posts"}],"about":[{"href":"http:\/\/piekarscy.com.pl\/index.php?rest_route=\/wp\/v2\/types\/post"}],"author":[{"embeddable":true,"href":"http:\/\/piekarscy.com.pl\/index.php?rest_route=\/wp\/v2\/users\/1"}],"replies":[{"embeddable":true,"href":"http:\/\/piekarscy.com.pl\/index.php?rest_route=%2Fwp%2Fv2%2Fcomments&post=8548"}],"version-history":[{"count":1,"href":"http:\/\/piekarscy.com.pl\/index.php?rest_route=\/wp\/v2\/posts\/8548\/revisions"}],"predecessor-version":[{"id":8551,"href":"http:\/\/piekarscy.com.pl\/index.php?rest_route=\/wp\/v2\/posts\/8548\/revisions\/8551"}],"wp:attachment":[{"href":"http:\/\/piekarscy.com.pl\/index.php?rest_route=%2Fwp%2Fv2%2Fmedia&parent=8548"}],"wp:term":[{"taxonomy":"category","embeddable":true,"href":"http:\/\/piekarscy.com.pl\/index.php?rest_route=%2Fwp%2Fv2%2Fcategories&post=8548"},{"taxonomy":"post_tag","embeddable":true,"href":"http:\/\/piekarscy.com.pl\/index.php?rest_route=%2Fwp%2Fv2%2Ftags&post=8548"}],"curies":[{"name":"wp","href":"https:\/\/api.w.org\/{rel}","templated":true}]}}