{"id":8552,"date":"2017-02-26T04:49:33","date_gmt":"2017-02-26T04:49:33","guid":{"rendered":"http:\/\/piekarscy.com.pl\/?p=8552"},"modified":"2017-02-18T15:14:09","modified_gmt":"2017-02-18T15:14:09","slug":"akt-zgonu-praprapradziadka-kacpra-adamskiego","status":"publish","type":"post","link":"http:\/\/piekarscy.com.pl\/?p=8552","title":{"rendered":"Akt zgonu praprapradziadka Kacpra Adamskiego"},"content":{"rendered":"<p>Akt zgonu praprapradziadka Kacpra Adamskiego, kt\u00f3ry jak wynika z aktu pochodzi\u0142 z Warki i by\u0142 synem Macieja i Anastazji z Markiewicz\u00f3w, a zmar\u0142 w Warszawie w 1867 roku. By\u0142 m\u0119\u017cem Ewy Cywi\u0144skiej. To jego wnuk Antoni Adamski o\u017ceni\u0142 si\u0119 z moj\u0105 saskok\u0119psk\u0105 prababci\u0105 Leokadi\u0105 Karolin\u0105 z Przybytkowskich i by\u0142 ojcem mojej babci Janiny, kt\u00f3ra wysz\u0142a za Bronis\u0142awa Piekarskiego.\u00a0<a href=\"http:\/\/piekarscy.com.pl\/wp-content\/uploads\/2017\/02\/akt-zgonu-kacpra-adamskiego.jpg\"><img loading=\"lazy\" decoding=\"async\" class=\"aligncenter size-medium wp-image-8553\" src=\"http:\/\/piekarscy.com.pl\/wp-content\/uploads\/2017\/02\/akt-zgonu-kacpra-adamskiego-300x180.jpg\" alt=\"\" width=\"300\" height=\"180\" srcset=\"http:\/\/piekarscy.com.pl\/wp-content\/uploads\/2017\/02\/akt-zgonu-kacpra-adamskiego-300x180.jpg 300w, http:\/\/piekarscy.com.pl\/wp-content\/uploads\/2017\/02\/akt-zgonu-kacpra-adamskiego-1024x615.jpg 1024w, http:\/\/piekarscy.com.pl\/wp-content\/uploads\/2017\/02\/akt-zgonu-kacpra-adamskiego-624x375.jpg 624w, http:\/\/piekarscy.com.pl\/wp-content\/uploads\/2017\/02\/akt-zgonu-kacpra-adamskiego.jpg 1524w\" sizes=\"auto, (max-width: 300px) 100vw, 300px\" \/><\/a> <a href=\"http:\/\/piekarscy.com.pl\/wp-content\/uploads\/2017\/02\/322-327.jpg\"><img loading=\"lazy\" decoding=\"async\" class=\"aligncenter size-medium wp-image-8554\" src=\"http:\/\/piekarscy.com.pl\/wp-content\/uploads\/2017\/02\/322-327-300x235.jpg\" alt=\"\" width=\"300\" height=\"235\" srcset=\"http:\/\/piekarscy.com.pl\/wp-content\/uploads\/2017\/02\/322-327-300x235.jpg 300w, http:\/\/piekarscy.com.pl\/wp-content\/uploads\/2017\/02\/322-327-1024x801.jpg 1024w, http:\/\/piekarscy.com.pl\/wp-content\/uploads\/2017\/02\/322-327-624x488.jpg 624w\" sizes=\"auto, (max-width: 300px) 100vw, 300px\" \/><\/a><\/p>\n","protected":false},"excerpt":{"rendered":"<p>Akt zgonu praprapradziadka Kacpra Adamskiego, kt\u00f3ry jak wynika z aktu pochodzi\u0142 z Warki i by\u0142 synem Macieja i Anastazji z Markiewicz\u00f3w, a zmar\u0142 w Warszawie w 1867 roku. By\u0142 m\u0119\u017cem Ewy Cywi\u0144skiej. To jego wnuk Antoni Adamski o\u017ceni\u0142 si\u0119 z moj\u0105 saskok\u0119psk\u0105 prababci\u0105 Leokadi\u0105 Karolin\u0105 z Przybytkowskich i by\u0142 ojcem mojej babci Janiny, kt\u00f3ra wysz\u0142a [&hellip;]<\/p>\n","protected":false},"author":1,"featured_media":0,"comment_status":"closed","ping_status":"closed","sticky":false,"template":"","format":"standard","meta":{"footnotes":""},"categories":[5,1095,1102],"tags":[298,1100,1101,1097,1098,1096,1099],"class_list":["post-8552","post","type-post","status-publish","format-standard","hentry","category-adamscy","category-cywinscy","category-markiewicz","tag-akt-zgonu","tag-anastazja-markiewicz","tag-anastazja-z-markiewiczow-adamska","tag-ewa-cywinska","tag-ewa-z-cywinskich-adamska","tag-kacper-adamski","tag-maciej-adamski"],"_links":{"self":[{"href":"http:\/\/piekarscy.com.pl\/index.php?rest_route=\/wp\/v2\/posts\/8552","targetHints":{"allow":["GET"]}}],"collection":[{"href":"http:\/\/piekarscy.com.pl\/index.php?rest_route=\/wp\/v2\/posts"}],"about":[{"href":"http:\/\/piekarscy.com.pl\/index.php?rest_route=\/wp\/v2\/types\/post"}],"author":[{"embeddable":true,"href":"http:\/\/piekarscy.com.pl\/index.php?rest_route=\/wp\/v2\/users\/1"}],"replies":[{"embeddable":true,"href":"http:\/\/piekarscy.com.pl\/index.php?rest_route=%2Fwp%2Fv2%2Fcomments&post=8552"}],"version-history":[{"count":5,"href":"http:\/\/piekarscy.com.pl\/index.php?rest_route=\/wp\/v2\/posts\/8552\/revisions"}],"predecessor-version":[{"id":8559,"href":"http:\/\/piekarscy.com.pl\/index.php?rest_route=\/wp\/v2\/posts\/8552\/revisions\/8559"}],"wp:attachment":[{"href":"http:\/\/piekarscy.com.pl\/index.php?rest_route=%2Fwp%2Fv2%2Fmedia&parent=8552"}],"wp:term":[{"taxonomy":"category","embeddable":true,"href":"http:\/\/piekarscy.com.pl\/index.php?rest_route=%2Fwp%2Fv2%2Fcategories&post=8552"},{"taxonomy":"post_tag","embeddable":true,"href":"http:\/\/piekarscy.com.pl\/index.php?rest_route=%2Fwp%2Fv2%2Ftags&post=8552"}],"curies":[{"name":"wp","href":"https:\/\/api.w.org\/{rel}","templated":true}]}}