{"id":8593,"date":"2017-03-01T05:22:29","date_gmt":"2017-03-01T05:22:29","guid":{"rendered":"http:\/\/piekarscy.com.pl\/?p=8593"},"modified":"2017-02-19T17:34:04","modified_gmt":"2017-02-19T17:34:04","slug":"akt-slubu-prapraprapraprapradziadkow-sliwinskich","status":"publish","type":"post","link":"http:\/\/piekarscy.com.pl\/?p=8593","title":{"rendered":"Akt \u015blubu prapraprapraprapradziadk\u00f3w \u015aliwi\u0144skich"},"content":{"rendered":"<p>Oto akt \u015blubu moich 6 razy pradziadk\u00f3w Mateusza i Franciszki z domu Zieli\u0144skiej ma\u0142\u017conk\u00f3w \u015aliwi\u0144skich. Pobrali si\u0119 w parafii \u015bw. Krzy\u017ca w Warszawie w 1767 roku. Ich c\u00f3rka Marianna zosta\u0142a \u017con\u0105 Antoniego Pechnika, z kt\u00f3rym mia\u0142a c\u00f3rk\u0119 Barbar\u0119 Katarzyn\u0119 p\u00f3\u017aniejsz\u0105 Dobosiewicz, kt\u00f3rej c\u00f3rka J\u00f3zefa Konstancja wysz\u0142a za \u0141ukasza Stalskiego i mia\u0142a z nim dwie c\u00f3rki, kt\u00f3re zosta\u0142y \u017conami mojego prapradziadka Micha\u0142a Franciszka Piekarskiego, ale mia\u0142o to miejsce przesz\u0142o sto lat p\u00f3\u017aniej.<\/p>\n<p><a href=\"http:\/\/piekarscy.com.pl\/wp-content\/uploads\/2017\/02\/282.jpg\"><img loading=\"lazy\" decoding=\"async\" class=\"aligncenter size-medium wp-image-8594\" src=\"http:\/\/piekarscy.com.pl\/wp-content\/uploads\/2017\/02\/282-199x300.jpg\" alt=\"\" width=\"199\" height=\"300\" srcset=\"http:\/\/piekarscy.com.pl\/wp-content\/uploads\/2017\/02\/282-199x300.jpg 199w, http:\/\/piekarscy.com.pl\/wp-content\/uploads\/2017\/02\/282-678x1024.jpg 678w, http:\/\/piekarscy.com.pl\/wp-content\/uploads\/2017\/02\/282-624x943.jpg 624w\" sizes=\"auto, (max-width: 199px) 100vw, 199px\" \/><\/a> <a href=\"http:\/\/piekarscy.com.pl\/wp-content\/uploads\/2017\/02\/sliwinscy.jpg\"><img loading=\"lazy\" decoding=\"async\" class=\"aligncenter size-medium wp-image-8595\" src=\"http:\/\/piekarscy.com.pl\/wp-content\/uploads\/2017\/02\/sliwinscy-300x159.jpg\" alt=\"\" width=\"300\" height=\"159\" srcset=\"http:\/\/piekarscy.com.pl\/wp-content\/uploads\/2017\/02\/sliwinscy-300x159.jpg 300w, http:\/\/piekarscy.com.pl\/wp-content\/uploads\/2017\/02\/sliwinscy-624x330.jpg 624w, http:\/\/piekarscy.com.pl\/wp-content\/uploads\/2017\/02\/sliwinscy.jpg 1020w\" sizes=\"auto, (max-width: 300px) 100vw, 300px\" \/><\/a><\/p>\n","protected":false},"excerpt":{"rendered":"<p>Oto akt \u015blubu moich 6 razy pradziadk\u00f3w Mateusza i Franciszki z domu Zieli\u0144skiej ma\u0142\u017conk\u00f3w \u015aliwi\u0144skich. Pobrali si\u0119 w parafii \u015bw. Krzy\u017ca w Warszawie w 1767 roku. Ich c\u00f3rka Marianna zosta\u0142a \u017con\u0105 Antoniego Pechnika, z kt\u00f3rym mia\u0142a c\u00f3rk\u0119 Barbar\u0119 Katarzyn\u0119 p\u00f3\u017aniejsz\u0105 Dobosiewicz, kt\u00f3rej c\u00f3rka J\u00f3zefa Konstancja wysz\u0142a za \u0141ukasza Stalskiego i mia\u0142a z nim dwie c\u00f3rki, [&hellip;]<\/p>\n","protected":false},"author":1,"featured_media":0,"comment_status":"closed","ping_status":"closed","sticky":false,"template":"","format":"standard","meta":{"footnotes":""},"categories":[1061,796],"tags":[370,1106,1105,1104,1103],"class_list":["post-8593","post","type-post","status-publish","format-standard","hentry","category-sliwinscy","category-zielinscy","tag-akt-slubu","tag-franciszka-sliwinska","tag-franciszka-z-zielinskich-sliwinska","tag-franciszka-zielinska","tag-mateusz-sliwinski"],"_links":{"self":[{"href":"http:\/\/piekarscy.com.pl\/index.php?rest_route=\/wp\/v2\/posts\/8593","targetHints":{"allow":["GET"]}}],"collection":[{"href":"http:\/\/piekarscy.com.pl\/index.php?rest_route=\/wp\/v2\/posts"}],"about":[{"href":"http:\/\/piekarscy.com.pl\/index.php?rest_route=\/wp\/v2\/types\/post"}],"author":[{"embeddable":true,"href":"http:\/\/piekarscy.com.pl\/index.php?rest_route=\/wp\/v2\/users\/1"}],"replies":[{"embeddable":true,"href":"http:\/\/piekarscy.com.pl\/index.php?rest_route=%2Fwp%2Fv2%2Fcomments&post=8593"}],"version-history":[{"count":1,"href":"http:\/\/piekarscy.com.pl\/index.php?rest_route=\/wp\/v2\/posts\/8593\/revisions"}],"predecessor-version":[{"id":8596,"href":"http:\/\/piekarscy.com.pl\/index.php?rest_route=\/wp\/v2\/posts\/8593\/revisions\/8596"}],"wp:attachment":[{"href":"http:\/\/piekarscy.com.pl\/index.php?rest_route=%2Fwp%2Fv2%2Fmedia&parent=8593"}],"wp:term":[{"taxonomy":"category","embeddable":true,"href":"http:\/\/piekarscy.com.pl\/index.php?rest_route=%2Fwp%2Fv2%2Fcategories&post=8593"},{"taxonomy":"post_tag","embeddable":true,"href":"http:\/\/piekarscy.com.pl\/index.php?rest_route=%2Fwp%2Fv2%2Ftags&post=8593"}],"curies":[{"name":"wp","href":"https:\/\/api.w.org\/{rel}","templated":true}]}}