{"id":8747,"date":"2017-03-25T05:05:23","date_gmt":"2017-03-25T05:05:23","guid":{"rendered":"http:\/\/piekarscy.com.pl\/?p=8747"},"modified":"2017-03-27T07:22:50","modified_gmt":"2017-03-27T07:22:50","slug":"wizyta-gosci-z-ameryki-rok-1974-cz-2","status":"publish","type":"post","link":"http:\/\/piekarscy.com.pl\/?p=8747","title":{"rendered":"Wizyta go\u015bci z Ameryki rok 1974 cz. 2"},"content":{"rendered":"<p>W 1974 roku odwiedzi\u0142a nas rodzina mojej mamy z USA. By\u0142o to jej cioteczne rodze\u0144stwo. Dzieci rodzonego brata mojej babci, kt\u00f3ry przed I wojn\u0105 \u015bwiatow\u0105 emigrowa\u0142 do Ameryki. Maniu\u015b Kurzy\u0144ski i Stefcia z Kurzy\u0144skich Flis. Oboje urodzili si\u0119 i mieszkali w Detroit. By\u0142a to ich pierwsza w \u017cyciu wizyta w Polsce. Oboje m\u00f3wili po polsku bardzo dobrze, cho\u0107 z akcentem. Natomiast by\u0142a to polszczyzna mocno przedwojenna i archaiczna. Moja mama stawia\u0142a wtedy pierwsze kroki jako hafciarka. To jedna z jej absolutnie pierwszych serwet. Przygotowana specjalnie dla ciotecznej siostry. Mama prezentuje j\u0105 z tat\u0105.<\/p>\n<p><a href=\"http:\/\/piekarscy.com.pl\/wp-content\/uploads\/2017\/03\/PICT1529.jpg\"><img loading=\"lazy\" decoding=\"async\" class=\"aligncenter size-medium wp-image-8743\" src=\"http:\/\/piekarscy.com.pl\/wp-content\/uploads\/2017\/03\/PICT1529-300x200.jpg\" alt=\"\" width=\"300\" height=\"200\" srcset=\"http:\/\/piekarscy.com.pl\/wp-content\/uploads\/2017\/03\/PICT1529-300x200.jpg 300w, http:\/\/piekarscy.com.pl\/wp-content\/uploads\/2017\/03\/PICT1529-1024x683.jpg 1024w, http:\/\/piekarscy.com.pl\/wp-content\/uploads\/2017\/03\/PICT1529-624x416.jpg 624w\" sizes=\"auto, (max-width: 300px) 100vw, 300px\" \/><\/a><\/p>\n","protected":false},"excerpt":{"rendered":"<p>W 1974 roku odwiedzi\u0142a nas rodzina mojej mamy z USA. By\u0142o to jej cioteczne rodze\u0144stwo. Dzieci rodzonego brata mojej babci, kt\u00f3ry przed I wojn\u0105 \u015bwiatow\u0105 emigrowa\u0142 do Ameryki. Maniu\u015b Kurzy\u0144ski i Stefcia z Kurzy\u0144skich Flis. Oboje urodzili si\u0119 i mieszkali w Detroit. By\u0142a to ich pierwsza w \u017cyciu wizyta w Polsce. Oboje m\u00f3wili po polsku [&hellip;]<\/p>\n","protected":false},"author":1,"featured_media":0,"comment_status":"closed","ping_status":"closed","sticky":false,"template":"","format":"standard","meta":{"footnotes":""},"categories":[1133,13,3,12],"tags":[102,131,129,130,140,139,461,1132,1131,460],"class_list":["post-8747","post","type-post","status-publish","format-standard","hentry","category-flis","category-kurzynscy","category-piekarscy","category-stec","tag-fotografia","tag-halina-piekarska","tag-halina-stec","tag-halina-stec-piekarska","tag-maciej-pawel-piekarski","tag-maciej-piekarski","tag-marian-kurzynski","tag-serweta","tag-stefania-flis","tag-stefania-kurzynska"],"_links":{"self":[{"href":"http:\/\/piekarscy.com.pl\/index.php?rest_route=\/wp\/v2\/posts\/8747","targetHints":{"allow":["GET"]}}],"collection":[{"href":"http:\/\/piekarscy.com.pl\/index.php?rest_route=\/wp\/v2\/posts"}],"about":[{"href":"http:\/\/piekarscy.com.pl\/index.php?rest_route=\/wp\/v2\/types\/post"}],"author":[{"embeddable":true,"href":"http:\/\/piekarscy.com.pl\/index.php?rest_route=\/wp\/v2\/users\/1"}],"replies":[{"embeddable":true,"href":"http:\/\/piekarscy.com.pl\/index.php?rest_route=%2Fwp%2Fv2%2Fcomments&post=8747"}],"version-history":[{"count":1,"href":"http:\/\/piekarscy.com.pl\/index.php?rest_route=\/wp\/v2\/posts\/8747\/revisions"}],"predecessor-version":[{"id":8748,"href":"http:\/\/piekarscy.com.pl\/index.php?rest_route=\/wp\/v2\/posts\/8747\/revisions\/8748"}],"wp:attachment":[{"href":"http:\/\/piekarscy.com.pl\/index.php?rest_route=%2Fwp%2Fv2%2Fmedia&parent=8747"}],"wp:term":[{"taxonomy":"category","embeddable":true,"href":"http:\/\/piekarscy.com.pl\/index.php?rest_route=%2Fwp%2Fv2%2Fcategories&post=8747"},{"taxonomy":"post_tag","embeddable":true,"href":"http:\/\/piekarscy.com.pl\/index.php?rest_route=%2Fwp%2Fv2%2Ftags&post=8747"}],"curies":[{"name":"wp","href":"https:\/\/api.w.org\/{rel}","templated":true}]}}