{"id":8764,"date":"2017-03-30T05:21:35","date_gmt":"2017-03-30T05:21:35","guid":{"rendered":"http:\/\/piekarscy.com.pl\/?p=8764"},"modified":"2017-03-28T10:25:03","modified_gmt":"2017-03-28T10:25:03","slug":"wizyta-gosci-z-ameryki-rok-1974-cz-7","status":"publish","type":"post","link":"http:\/\/piekarscy.com.pl\/?p=8764","title":{"rendered":"Wizyta go\u015bci z Ameryki rok 1974 cz. 7"},"content":{"rendered":"<p>W 1974 roku odwiedzi\u0142a nas rodzina mojej mamy z USA. By\u0142o to jej cioteczne rodze\u0144stwo. Dzieci rodzonego brata mojej babci, kt\u00f3ry przed I wojn\u0105 \u015bwiatow\u0105 emigrowa\u0142 do Ameryki. Maniu\u015b Kurzy\u0144ski i Stefcia z Kurzy\u0144skich Flis. Oboje urodzili si\u0119 i mieszkali w Detroit. By\u0142a to ich pierwsza w \u017cyciu wizyta w Polsce. Oboje m\u00f3wili po polsku bardzo dobrze, cho\u0107 z akcentem. Natomiast by\u0142a to polszczyzna mocno przedwojenna i archaiczna. Tu\u00a0moja mama w kuchni szykuje si\u0119 na przyj\u0119cie go\u015bci. Trudno uwierzy\u0107, ale wisz\u0105ca na suszarce p\u0142aska \u0142y\u017cka cedzakowa istnieje do dzi\u015b i te\u017c z niej korzystam.<\/p>\n<p><a href=\"http:\/\/piekarscy.com.pl\/wp-content\/uploads\/2017\/03\/PICT1731.jpg\"><img loading=\"lazy\" decoding=\"async\" class=\"aligncenter size-medium wp-image-8744\" src=\"http:\/\/piekarscy.com.pl\/wp-content\/uploads\/2017\/03\/PICT1731-300x207.jpg\" alt=\"\" width=\"300\" height=\"207\" srcset=\"http:\/\/piekarscy.com.pl\/wp-content\/uploads\/2017\/03\/PICT1731-300x207.jpg 300w, http:\/\/piekarscy.com.pl\/wp-content\/uploads\/2017\/03\/PICT1731-1024x707.jpg 1024w, http:\/\/piekarscy.com.pl\/wp-content\/uploads\/2017\/03\/PICT1731-624x431.jpg 624w, http:\/\/piekarscy.com.pl\/wp-content\/uploads\/2017\/03\/PICT1731.jpg 1945w\" sizes=\"auto, (max-width: 300px) 100vw, 300px\" \/><\/a><\/p>\n","protected":false},"excerpt":{"rendered":"<p>W 1974 roku odwiedzi\u0142a nas rodzina mojej mamy z USA. By\u0142o to jej cioteczne rodze\u0144stwo. Dzieci rodzonego brata mojej babci, kt\u00f3ry przed I wojn\u0105 \u015bwiatow\u0105 emigrowa\u0142 do Ameryki. Maniu\u015b Kurzy\u0144ski i Stefcia z Kurzy\u0144skich Flis. Oboje urodzili si\u0119 i mieszkali w Detroit. By\u0142a to ich pierwsza w \u017cyciu wizyta w Polsce. Oboje m\u00f3wili po polsku [&hellip;]<\/p>\n","protected":false},"author":1,"featured_media":0,"comment_status":"closed","ping_status":"closed","sticky":false,"template":"","format":"standard","meta":{"footnotes":""},"categories":[1133,13,3,12],"tags":[131,129,130,140,139,461,1136,1132,1131,460],"class_list":["post-8764","post","type-post","status-publish","format-standard","hentry","category-flis","category-kurzynscy","category-piekarscy","category-stec","tag-halina-piekarska","tag-halina-stec","tag-halina-stec-piekarska","tag-maciej-pawel-piekarski","tag-maciej-piekarski","tag-marian-kurzynski","tag-piekarscy","tag-serweta","tag-stefania-flis","tag-stefania-kurzynska"],"_links":{"self":[{"href":"http:\/\/piekarscy.com.pl\/index.php?rest_route=\/wp\/v2\/posts\/8764","targetHints":{"allow":["GET"]}}],"collection":[{"href":"http:\/\/piekarscy.com.pl\/index.php?rest_route=\/wp\/v2\/posts"}],"about":[{"href":"http:\/\/piekarscy.com.pl\/index.php?rest_route=\/wp\/v2\/types\/post"}],"author":[{"embeddable":true,"href":"http:\/\/piekarscy.com.pl\/index.php?rest_route=\/wp\/v2\/users\/1"}],"replies":[{"embeddable":true,"href":"http:\/\/piekarscy.com.pl\/index.php?rest_route=%2Fwp%2Fv2%2Fcomments&post=8764"}],"version-history":[{"count":1,"href":"http:\/\/piekarscy.com.pl\/index.php?rest_route=\/wp\/v2\/posts\/8764\/revisions"}],"predecessor-version":[{"id":8765,"href":"http:\/\/piekarscy.com.pl\/index.php?rest_route=\/wp\/v2\/posts\/8764\/revisions\/8765"}],"wp:attachment":[{"href":"http:\/\/piekarscy.com.pl\/index.php?rest_route=%2Fwp%2Fv2%2Fmedia&parent=8764"}],"wp:term":[{"taxonomy":"category","embeddable":true,"href":"http:\/\/piekarscy.com.pl\/index.php?rest_route=%2Fwp%2Fv2%2Fcategories&post=8764"},{"taxonomy":"post_tag","embeddable":true,"href":"http:\/\/piekarscy.com.pl\/index.php?rest_route=%2Fwp%2Fv2%2Ftags&post=8764"}],"curies":[{"name":"wp","href":"https:\/\/api.w.org\/{rel}","templated":true}]}}