{"id":8843,"date":"2017-04-11T05:33:45","date_gmt":"2017-04-11T05:33:45","guid":{"rendered":"http:\/\/piekarscy.com.pl\/?p=8843"},"modified":"2017-03-30T16:38:36","modified_gmt":"2017-03-30T16:38:36","slug":"nekrolog-teofili-szymczak","status":"publish","type":"post","link":"http:\/\/piekarscy.com.pl\/?p=8843","title":{"rendered":"Nekrolog Teofili Szymczak"},"content":{"rendered":"<p>W dokumentach po \u015bp. by\u0142ym m\u0119\u017cu zachowa\u0142 si\u0119 m.in. nekrolog jego babci Teofili Szymczak. Jej nazwisko panie\u0144skie brzmia\u0142o W\u0105sik. Teofila urodzi\u0142a si\u0119 11 wrze\u015bnia 1914 roku w Ma\u0142achowie le\u017c\u0105cym dzi\u015b w woj. \u015awi\u0119tokrzyskim.<\/p>\n<p><a href=\"http:\/\/piekarscy.com.pl\/wp-content\/uploads\/2017\/03\/nekrolog-teofila-szymczak.jpg\"><img loading=\"lazy\" decoding=\"async\" class=\"aligncenter size-medium wp-image-8795\" src=\"http:\/\/piekarscy.com.pl\/wp-content\/uploads\/2017\/03\/nekrolog-teofila-szymczak-300x143.jpg\" alt=\"\" width=\"300\" height=\"143\" srcset=\"http:\/\/piekarscy.com.pl\/wp-content\/uploads\/2017\/03\/nekrolog-teofila-szymczak-300x143.jpg 300w, http:\/\/piekarscy.com.pl\/wp-content\/uploads\/2017\/03\/nekrolog-teofila-szymczak-1024x490.jpg 1024w, http:\/\/piekarscy.com.pl\/wp-content\/uploads\/2017\/03\/nekrolog-teofila-szymczak-624x298.jpg 624w, http:\/\/piekarscy.com.pl\/wp-content\/uploads\/2017\/03\/nekrolog-teofila-szymczak.jpg 1755w\" sizes=\"auto, (max-width: 300px) 100vw, 300px\" \/><\/a><\/p>\n","protected":false},"excerpt":{"rendered":"<p>W dokumentach po \u015bp. by\u0142ym m\u0119\u017cu zachowa\u0142 si\u0119 m.in. nekrolog jego babci Teofili Szymczak. Jej nazwisko panie\u0144skie brzmia\u0142o W\u0105sik. Teofila urodzi\u0142a si\u0119 11 wrze\u015bnia 1914 roku w Ma\u0142achowie le\u017c\u0105cym dzi\u015b w woj. \u015awi\u0119tokrzyskim.<\/p>\n","protected":false},"author":1,"featured_media":0,"comment_status":"closed","ping_status":"closed","sticky":false,"template":"","format":"standard","meta":{"footnotes":""},"categories":[320,1147],"tags":[89,1148,1149,1151,1150,1152],"class_list":["post-8843","post","type-post","status-publish","format-standard","hentry","category-szymczak","category-wasik","tag-nekrolog","tag-teofila-szymczak","tag-teofila-wasik","tag-teofila-wasikowna","tag-teofila-z-wasikow-szymczak","tag-teofila-z-wasikow-szymczakowa"],"_links":{"self":[{"href":"http:\/\/piekarscy.com.pl\/index.php?rest_route=\/wp\/v2\/posts\/8843","targetHints":{"allow":["GET"]}}],"collection":[{"href":"http:\/\/piekarscy.com.pl\/index.php?rest_route=\/wp\/v2\/posts"}],"about":[{"href":"http:\/\/piekarscy.com.pl\/index.php?rest_route=\/wp\/v2\/types\/post"}],"author":[{"embeddable":true,"href":"http:\/\/piekarscy.com.pl\/index.php?rest_route=\/wp\/v2\/users\/1"}],"replies":[{"embeddable":true,"href":"http:\/\/piekarscy.com.pl\/index.php?rest_route=%2Fwp%2Fv2%2Fcomments&post=8843"}],"version-history":[{"count":2,"href":"http:\/\/piekarscy.com.pl\/index.php?rest_route=\/wp\/v2\/posts\/8843\/revisions"}],"predecessor-version":[{"id":8845,"href":"http:\/\/piekarscy.com.pl\/index.php?rest_route=\/wp\/v2\/posts\/8843\/revisions\/8845"}],"wp:attachment":[{"href":"http:\/\/piekarscy.com.pl\/index.php?rest_route=%2Fwp%2Fv2%2Fmedia&parent=8843"}],"wp:term":[{"taxonomy":"category","embeddable":true,"href":"http:\/\/piekarscy.com.pl\/index.php?rest_route=%2Fwp%2Fv2%2Fcategories&post=8843"},{"taxonomy":"post_tag","embeddable":true,"href":"http:\/\/piekarscy.com.pl\/index.php?rest_route=%2Fwp%2Fv2%2Ftags&post=8843"}],"curies":[{"name":"wp","href":"https:\/\/api.w.org\/{rel}","templated":true}]}}