{"id":8893,"date":"2017-04-14T10:24:01","date_gmt":"2017-04-14T10:24:01","guid":{"rendered":"http:\/\/piekarscy.com.pl\/?p=8893"},"modified":"2017-04-14T10:24:01","modified_gmt":"2017-04-14T10:24:01","slug":"baranek-ale-nie-wielkanocny","status":"publish","type":"post","link":"http:\/\/piekarscy.com.pl\/?p=8893","title":{"rendered":"Baranek, ale nie Wielkanocny"},"content":{"rendered":"<p>Zawsze lubi\u0142am zwierz\u0119ta i do dzi\u015b tak jest. Pomy\u015bla\u0142am, \u017ce moje stare zdj\u0119cie z lat 70-tych z barankiem bynajmniej nie paschalnym mo\u017ce by\u0107 dobr\u0105 fotografi\u0105 na Wielkanoc. Rok 1977, a ja id\u0119 na Turbacz. Mam kierpce i sukienk\u0119 po starszej kuzynce. Mog\u0119 pog\u0142aska\u0107 barana.<br \/>\nWeso\u0142ych \u015awi\u0105t.<\/p>\n<p><a href=\"http:\/\/piekarscy.com.pl\/wp-content\/uploads\/2017\/04\/PICT1888.jpg\"><img loading=\"lazy\" decoding=\"async\" class=\"aligncenter size-medium wp-image-8894\" src=\"http:\/\/piekarscy.com.pl\/wp-content\/uploads\/2017\/04\/PICT1888-300x200.jpg\" alt=\"\" width=\"300\" height=\"200\" srcset=\"http:\/\/piekarscy.com.pl\/wp-content\/uploads\/2017\/04\/PICT1888-300x200.jpg 300w, http:\/\/piekarscy.com.pl\/wp-content\/uploads\/2017\/04\/PICT1888-1024x683.jpg 1024w, http:\/\/piekarscy.com.pl\/wp-content\/uploads\/2017\/04\/PICT1888-624x416.jpg 624w\" sizes=\"auto, (max-width: 300px) 100vw, 300px\" \/><\/a><\/p>\n","protected":false},"excerpt":{"rendered":"<p>Zawsze lubi\u0142am zwierz\u0119ta i do dzi\u015b tak jest. Pomy\u015bla\u0142am, \u017ce moje stare zdj\u0119cie z lat 70-tych z barankiem bynajmniej nie paschalnym mo\u017ce by\u0107 dobr\u0105 fotografi\u0105 na Wielkanoc. Rok 1977, a ja id\u0119 na Turbacz. Mam kierpce i sukienk\u0119 po starszej kuzynce. Mog\u0119 pog\u0142aska\u0107 barana. Weso\u0142ych \u015awi\u0105t.<\/p>\n","protected":false},"author":1,"featured_media":0,"comment_status":"closed","ping_status":"closed","sticky":false,"template":"","format":"standard","meta":{"footnotes":""},"categories":[3],"tags":[1158,102,312,599],"class_list":["post-8893","post","type-post","status-publish","format-standard","hentry","category-piekarscy","tag-baran","tag-fotografia","tag-malgorzata-karolina-piekarska","tag-zdjecie"],"_links":{"self":[{"href":"http:\/\/piekarscy.com.pl\/index.php?rest_route=\/wp\/v2\/posts\/8893","targetHints":{"allow":["GET"]}}],"collection":[{"href":"http:\/\/piekarscy.com.pl\/index.php?rest_route=\/wp\/v2\/posts"}],"about":[{"href":"http:\/\/piekarscy.com.pl\/index.php?rest_route=\/wp\/v2\/types\/post"}],"author":[{"embeddable":true,"href":"http:\/\/piekarscy.com.pl\/index.php?rest_route=\/wp\/v2\/users\/1"}],"replies":[{"embeddable":true,"href":"http:\/\/piekarscy.com.pl\/index.php?rest_route=%2Fwp%2Fv2%2Fcomments&post=8893"}],"version-history":[{"count":1,"href":"http:\/\/piekarscy.com.pl\/index.php?rest_route=\/wp\/v2\/posts\/8893\/revisions"}],"predecessor-version":[{"id":8895,"href":"http:\/\/piekarscy.com.pl\/index.php?rest_route=\/wp\/v2\/posts\/8893\/revisions\/8895"}],"wp:attachment":[{"href":"http:\/\/piekarscy.com.pl\/index.php?rest_route=%2Fwp%2Fv2%2Fmedia&parent=8893"}],"wp:term":[{"taxonomy":"category","embeddable":true,"href":"http:\/\/piekarscy.com.pl\/index.php?rest_route=%2Fwp%2Fv2%2Fcategories&post=8893"},{"taxonomy":"post_tag","embeddable":true,"href":"http:\/\/piekarscy.com.pl\/index.php?rest_route=%2Fwp%2Fv2%2Ftags&post=8893"}],"curies":[{"name":"wp","href":"https:\/\/api.w.org\/{rel}","templated":true}]}}