{"id":8927,"date":"2017-04-21T04:32:38","date_gmt":"2017-04-21T04:32:38","guid":{"rendered":"http:\/\/piekarscy.com.pl\/?p=8927"},"modified":"2017-04-18T06:45:14","modified_gmt":"2017-04-18T06:45:14","slug":"stryjeczny-prapradziadek-feliks-stanislaw-jasinski","status":"publish","type":"post","link":"http:\/\/piekarscy.com.pl\/?p=8927","title":{"rendered":"Stryjeczny prapradziadek Feliks Stanis\u0142aw Jasi\u0144ski"},"content":{"rendered":"<p>Gdy kilka lat temu wykupi\u0142am abonament do portalu wielcy.pl ze zdumieniem odkry\u0142am spor\u0105 liczb\u0119 w miar\u0119 bliskich krewnych, pokrewie\u0144stwa z kt\u00f3rymi zupe\u0142nie nie by\u0142am \u015bwiadoma. Kolejn\u0105\u00a0z takich os\u00f3b jest\u2026 malarz Feliks Stanis\u0142aw Jasi\u0144ski. Jakie jest mi\u0119dzy nami pokrewie\u0144stwo? Najlepiej zilustruje to zrzut z ekranu wykresu drzewa, na kt\u00f3rym wida\u0107, \u017ce moi 5 razy pradziadkowie Stanis\u0142aw Jasi\u0144ski i Jadwiga Sadowska h. Na\u0142\u0119cz byli jego pradziadkami. Ja jestem po ich c\u00f3rce Franciszce, kt\u00f3ra wysz\u0142a za m\u0105\u017c za mojego 4 razy pradziadka Antoniego Gorczyckiego, a on po Feliksie Jasi\u0144skim, jej rodzonym bracie.<\/p>\n<p><a href=\"http:\/\/piekarscy.com.pl\/wp-content\/uploads\/2017\/04\/jasin\u0301ski.jpeg\"><img loading=\"lazy\" decoding=\"async\" class=\"aligncenter size-medium wp-image-8928\" src=\"http:\/\/piekarscy.com.pl\/wp-content\/uploads\/2017\/04\/jasin\u0301ski-300x174.jpeg\" alt=\"\" width=\"300\" height=\"174\" srcset=\"http:\/\/piekarscy.com.pl\/wp-content\/uploads\/2017\/04\/jasin\u0301ski-300x174.jpeg 300w, http:\/\/piekarscy.com.pl\/wp-content\/uploads\/2017\/04\/jasin\u0301ski-1024x593.jpeg 1024w, http:\/\/piekarscy.com.pl\/wp-content\/uploads\/2017\/04\/jasin\u0301ski-624x361.jpeg 624w\" sizes=\"auto, (max-width: 300px) 100vw, 300px\" \/><\/a><\/p>\n<div id=\"attachment_8931\" style=\"width: 221px\" class=\"wp-caption alignleft\"><a href=\"http:\/\/piekarscy.com.pl\/wp-content\/uploads\/2017\/04\/Fe\u0301lix_Jasinsky_by_Fe\u0301lix_Vallotton.jpg\"><img loading=\"lazy\" decoding=\"async\" aria-describedby=\"caption-attachment-8931\" class=\"wp-image-8931 size-medium\" src=\"http:\/\/piekarscy.com.pl\/wp-content\/uploads\/2017\/04\/Fe\u0301lix_Jasinsky_by_Fe\u0301lix_Vallotton-211x300.jpg\" alt=\"\" width=\"211\" height=\"300\" srcset=\"http:\/\/piekarscy.com.pl\/wp-content\/uploads\/2017\/04\/Fe\u0301lix_Jasinsky_by_Fe\u0301lix_Vallotton-211x300.jpg 211w, http:\/\/piekarscy.com.pl\/wp-content\/uploads\/2017\/04\/Fe\u0301lix_Jasinsky_by_Fe\u0301lix_Vallotton-720x1024.jpg 720w, http:\/\/piekarscy.com.pl\/wp-content\/uploads\/2017\/04\/Fe\u0301lix_Jasinsky_by_Fe\u0301lix_Vallotton-624x888.jpg 624w, http:\/\/piekarscy.com.pl\/wp-content\/uploads\/2017\/04\/Fe\u0301lix_Jasinsky_by_Fe\u0301lix_Vallotton.jpg 1024w\" sizes=\"auto, (max-width: 211px) 100vw, 211px\" \/><\/a><p id=\"caption-attachment-8931\" class=\"wp-caption-text\">Feliks Jasi\u0144ski (obraz F\u00e9lixa Vallottona)<\/p><\/div>\n<p>Feliks Stanis\u0142aw Jasi\u0144ski &#8211; jak podaje wikipedia &#8211;\u00a0(z fr: F\u00e9lix-Stanislas Jasinski)\u00a0(ur.\u00a06 maja\u00a01862\u00a0w\u00a0Z\u0105bkowie, zm.\u00a08 sierpnia\u00a01901\u00a0w\u00a0Puteaux\u00a0(Francja). Jego<br \/>\nojciec walczy\u0142 w\u00a0Powstaniu styczniowym, a po jego upadku razem z rodzin\u0105\u00a0uda\u0142 si\u0119 na emigracj\u0119 do\u00a0Belgii. Feliks Jasi\u0144ski powr\u00f3ci\u0142 w 1871 na ziemie polskie i\u00a0zamieszka\u0142 w\u00a0Krakowie, gdzie ucz\u0119szcza\u0142 na lekcje rysunku u\u00a0Edwarda Lepszego.\u00a0W 1880 wyjecha\u0142 do Brukseli gdzie studiowa\u0142 na Akademii Sztuk Pi\u0119knych\u00a0(Acad\u00e9mie royale des Beaux-Arts de Bruxelles) oraz pobiera\u0142 prywatne lekcje u\u00a0Michaela van Alphena, dwa lata p\u00f3\u017aniej przeni\u00f3s\u0142 si\u0119 na sta\u0142e do\u00a0Pary\u017ca\u00a0i rozpocz\u0105\u0142\u00a0studia w\u00a0Acad\u00e9mie Julian. Ucz\u0119szcza\u0142 na lekcje grafiki u\u00a0Paula Le Rata, po\u00a0uko\u0144czeniu nauki sta\u0142 si\u0119 wybitnym tw\u00f3rc\u0105 grafiki reprodukcyjnej,\u00a0miedziorytnictwa\u00a0i\u00a0akwaforty.<br \/>\nOd 1883 przez osiem sezon\u00f3w uczestniczy\u0142 w organizowanych na\u00a0Polach\u00a0Elizejskich\u00a0Salonach Soci\u00e9t\u00e9 des Artistes Fran\u00e7ais, a od 1893 do 1898 w Salon\u00a0Soci\u00e9t\u00e9 Nationale des Beaux Arts\u00a0na\u00a0Polach Marsowych.<br \/>\nStale wsp\u00f3\u0142pracowa\u0142 w charakterze ilustratora z tygodnikiem &#8222;L`Art&#8221; i &#8222;Gazette de\u00a0Beaux Arts&#8221;. Zosta\u0142 wybrany na cz\u0142onka\u00a0Soci\u00e9t\u00e9 des Beaux-Arts, wsp\u00f3\u0142pracowa\u0142 z\u00a0wieloma znanymi wydawcami w\u00a0Pary\u017cu,\u00a0Nowym Jorku\u00a0i\u00a0Londynie.<br \/>\n\u017bywe relacje \u0142\u0105czy\u0142y go z polskim \u015brodowiskiem artystycznym, stale uczestniczy\u0142 w\u00a0wystawach krakowskiego\u00a0Towarzystwa Przyjaci\u00f3\u0142 Sztuk Pi\u0119knych\u00a0i\u00a0Towarzystwa\u00a0Zach\u0119ty Sztuk Pi\u0119knych. Od 1897 by\u0142 cz\u0142onkiem\u00a0Towarzystwa Artyst\u00f3w Polskich\u00a0\u201eSztuka\u201d.<br \/>\nJego tw\u00f3rczo\u015b\u0107 by\u0142a wysoko ceniona, mimo \u017ce by\u0142 mistrzem\u00a0reprodukcji to potraktowano j\u0105 jako interpretacj\u0119 dzie\u0142 innych\u00a0mistrz\u00f3w. Jego prace by\u0142y wielokrotnie wystawiane poza granicami\u00a0Francji\u00a0m.in. w\u00a0Brukseli\u00a0(1884, 1893), w\u00a0Monachium\u00a0(1896). W 1889\u00a0otrzyma\u0142 z\u0142oty medal na zorganizowanej w\u00a0Pary\u017cu\u00a0wystawie\u00a0&#8222;Blanc et\u00a0Noir&#8221;, podobne odznaczenie otrzyma\u0142 w 1900 na\u00a0Wystawie \u015bwiatowej.<\/p>\n","protected":false},"excerpt":{"rendered":"<p>Gdy kilka lat temu wykupi\u0142am abonament do portalu wielcy.pl ze zdumieniem odkry\u0142am spor\u0105 liczb\u0119 w miar\u0119 bliskich krewnych, pokrewie\u0144stwa z kt\u00f3rymi zupe\u0142nie nie by\u0142am \u015bwiadoma. Kolejn\u0105\u00a0z takich os\u00f3b jest\u2026 malarz Feliks Stanis\u0142aw Jasi\u0144ski. Jakie jest mi\u0119dzy nami pokrewie\u0144stwo? Najlepiej zilustruje to zrzut z ekranu wykresu drzewa, na kt\u00f3rym wida\u0107, \u017ce moi 5 razy pradziadkowie Stanis\u0142aw [&hellip;]<\/p>\n","protected":false},"author":1,"featured_media":0,"comment_status":"closed","ping_status":"closed","sticky":false,"template":"","format":"standard","meta":{"footnotes":""},"categories":[238,889],"tags":[1174,892,893,1165],"class_list":["post-8927","post","type-post","status-publish","format-standard","hentry","category-jasinscy","category-sadowscy","tag-feliks-stanislaw-jasinski","tag-jadwiga-sadowska-h-nalecz","tag-stanislaw-jasinski","tag-wielcy-pl"],"_links":{"self":[{"href":"http:\/\/piekarscy.com.pl\/index.php?rest_route=\/wp\/v2\/posts\/8927","targetHints":{"allow":["GET"]}}],"collection":[{"href":"http:\/\/piekarscy.com.pl\/index.php?rest_route=\/wp\/v2\/posts"}],"about":[{"href":"http:\/\/piekarscy.com.pl\/index.php?rest_route=\/wp\/v2\/types\/post"}],"author":[{"embeddable":true,"href":"http:\/\/piekarscy.com.pl\/index.php?rest_route=\/wp\/v2\/users\/1"}],"replies":[{"embeddable":true,"href":"http:\/\/piekarscy.com.pl\/index.php?rest_route=%2Fwp%2Fv2%2Fcomments&post=8927"}],"version-history":[{"count":4,"href":"http:\/\/piekarscy.com.pl\/index.php?rest_route=\/wp\/v2\/posts\/8927\/revisions"}],"predecessor-version":[{"id":8934,"href":"http:\/\/piekarscy.com.pl\/index.php?rest_route=\/wp\/v2\/posts\/8927\/revisions\/8934"}],"wp:attachment":[{"href":"http:\/\/piekarscy.com.pl\/index.php?rest_route=%2Fwp%2Fv2%2Fmedia&parent=8927"}],"wp:term":[{"taxonomy":"category","embeddable":true,"href":"http:\/\/piekarscy.com.pl\/index.php?rest_route=%2Fwp%2Fv2%2Fcategories&post=8927"},{"taxonomy":"post_tag","embeddable":true,"href":"http:\/\/piekarscy.com.pl\/index.php?rest_route=%2Fwp%2Fv2%2Ftags&post=8927"}],"curies":[{"name":"wp","href":"https:\/\/api.w.org\/{rel}","templated":true}]}}