{"id":8961,"date":"2017-04-27T05:42:45","date_gmt":"2017-04-27T05:42:45","guid":{"rendered":"http:\/\/piekarscy.com.pl\/?p=8961"},"modified":"2017-04-27T05:42:45","modified_gmt":"2017-04-27T05:42:45","slug":"ja-z-mama","status":"publish","type":"post","link":"http:\/\/piekarscy.com.pl\/?p=8961","title":{"rendered":"Ja z mam\u0105"},"content":{"rendered":"<p>Niewiele jest zdj\u0119\u0107, na kt\u00f3rych jestem razem z mam\u0105 &#8211; Halin\u0105 ze Stec\u00f3w Piekarsk\u0105. To jest jedyne, na kt\u00f3rym wida\u0107 dok\u0142adnie nasze miny. Zdj\u0119cie zrobione w domu na \u017boliborzu. Pocz\u0105tek lat 80-tych. Fot: Tata.\u00a0<a href=\"http:\/\/piekarscy.com.pl\/wp-content\/uploads\/2017\/04\/PICT1908.jpg\"><img loading=\"lazy\" decoding=\"async\" class=\"aligncenter size-medium wp-image-8962\" src=\"http:\/\/piekarscy.com.pl\/wp-content\/uploads\/2017\/04\/PICT1908-300x200.jpg\" alt=\"\" width=\"300\" height=\"200\" srcset=\"http:\/\/piekarscy.com.pl\/wp-content\/uploads\/2017\/04\/PICT1908-300x200.jpg 300w, http:\/\/piekarscy.com.pl\/wp-content\/uploads\/2017\/04\/PICT1908-1024x683.jpg 1024w, http:\/\/piekarscy.com.pl\/wp-content\/uploads\/2017\/04\/PICT1908-624x416.jpg 624w\" sizes=\"auto, (max-width: 300px) 100vw, 300px\" \/><\/a><\/p>\n","protected":false},"excerpt":{"rendered":"<p>Niewiele jest zdj\u0119\u0107, na kt\u00f3rych jestem razem z mam\u0105 &#8211; Halin\u0105 ze Stec\u00f3w Piekarsk\u0105. To jest jedyne, na kt\u00f3rym wida\u0107 dok\u0142adnie nasze miny. Zdj\u0119cie zrobione w domu na \u017boliborzu. Pocz\u0105tek lat 80-tych. Fot: Tata.\u00a0<\/p>\n","protected":false},"author":1,"featured_media":0,"comment_status":"closed","ping_status":"closed","sticky":false,"template":"","format":"standard","meta":{"footnotes":""},"categories":[3,12],"tags":[102,702,703,131,129,130,140,139,312,599],"class_list":["post-8961","post","type-post","status-publish","format-standard","hentry","category-piekarscy","category-stec","tag-fotografia","tag-halina-malgorzata-stec","tag-halina-malgorzata-stec-piekarska","tag-halina-piekarska","tag-halina-stec","tag-halina-stec-piekarska","tag-maciej-pawel-piekarski","tag-maciej-piekarski","tag-malgorzata-karolina-piekarska","tag-zdjecie"],"_links":{"self":[{"href":"http:\/\/piekarscy.com.pl\/index.php?rest_route=\/wp\/v2\/posts\/8961","targetHints":{"allow":["GET"]}}],"collection":[{"href":"http:\/\/piekarscy.com.pl\/index.php?rest_route=\/wp\/v2\/posts"}],"about":[{"href":"http:\/\/piekarscy.com.pl\/index.php?rest_route=\/wp\/v2\/types\/post"}],"author":[{"embeddable":true,"href":"http:\/\/piekarscy.com.pl\/index.php?rest_route=\/wp\/v2\/users\/1"}],"replies":[{"embeddable":true,"href":"http:\/\/piekarscy.com.pl\/index.php?rest_route=%2Fwp%2Fv2%2Fcomments&post=8961"}],"version-history":[{"count":2,"href":"http:\/\/piekarscy.com.pl\/index.php?rest_route=\/wp\/v2\/posts\/8961\/revisions"}],"predecessor-version":[{"id":8964,"href":"http:\/\/piekarscy.com.pl\/index.php?rest_route=\/wp\/v2\/posts\/8961\/revisions\/8964"}],"wp:attachment":[{"href":"http:\/\/piekarscy.com.pl\/index.php?rest_route=%2Fwp%2Fv2%2Fmedia&parent=8961"}],"wp:term":[{"taxonomy":"category","embeddable":true,"href":"http:\/\/piekarscy.com.pl\/index.php?rest_route=%2Fwp%2Fv2%2Fcategories&post=8961"},{"taxonomy":"post_tag","embeddable":true,"href":"http:\/\/piekarscy.com.pl\/index.php?rest_route=%2Fwp%2Fv2%2Ftags&post=8961"}],"curies":[{"name":"wp","href":"https:\/\/api.w.org\/{rel}","templated":true}]}}