{"id":8987,"date":"2017-05-03T09:43:12","date_gmt":"2017-05-03T09:43:12","guid":{"rendered":"http:\/\/piekarscy.com.pl\/?p=8987"},"modified":"2017-05-03T09:48:55","modified_gmt":"2017-05-03T09:48:55","slug":"daleki-ale-jakze-straszny-krewny-adam-poninski","status":"publish","type":"post","link":"http:\/\/piekarscy.com.pl\/?p=8987","title":{"rendered":"Daleki, ale jak\u017ce straszny krewny&#8230; Adam Poni\u0144ski"},"content":{"rendered":"<p>Gdy kilka lat temu wykupi\u0142am abonament do portalu wielcy.pl ze zdumieniem odkry\u0142am spor\u0105 liczb\u0119 w miar\u0119 bliskich krewnych, pokrewie\u0144stwa z kt\u00f3rymi zupe\u0142nie nie by\u0142am \u015bwiadoma. Jedn\u0105 z takich os\u00f3b, z kt\u00f3r\u0105 na szcz\u0119\u015bcie pokrewie\u0144stwo jest do\u015b\u0107 dalekie jest\u2026Adam ks. Poni\u0144ski h. \u0141odzia, kt\u00f3ry w czasie przeprowadzania I rozbioru Polski, mia\u0142 przyznane przez trzy pa\u0144stwa rozbiorcze ze wsp\u00f3lnej kasy, przeznaczonej na korumpowanie pos\u0142\u00f3w na Sejm Rozbiorowy 1773\u20131775 46 tys. czerwonych z\u0142otych na utrzymanie. Zajmowa\u0142 si\u0119 te\u017c grabie\u017c\u0105 maj\u0105tku rozwi\u0105zanego zakonu jezuit\u00f3w przeznaczonego na dzia\u0142anie Komisji Edukacji Narodowej. Na Sejmie Rozbiorowym 1773\u20131775 zosta\u0142 cz\u0142onkiem Komisji Rozdawniczej Koronnej, ustanowionej dla likwidacji maj\u0105tku skasowanego w Rzeczypospolitej zakonu jezuit\u00f3w. Podskarbiostwo wielkie koronne kupi\u0142 od Teodora Wessla. W 1778 roku by\u0142 cz\u0142onkiem Departamentu Skarbowego Rady Nieustaj\u0105cej. Pomimo sprawowania pop\u0142atnego urz\u0119du Poni\u0144ski by\u0142 nami\u0119tnym graczem w karty, co w b\u0142yskawicznym czasie przyczyni\u0142o si\u0119 do wzrostu jego d\u0142ug\u00f3w (w 1785 roku og\u0142oszono jego bankructwo) i spowodowa\u0142o gotowo\u015b\u0107 sprzedania swoich us\u0142ug jako polityka ka\u017cdemu, kto tylko by\u0142 got\u00f3w zap\u0142aci\u0107. By\u0142 cz\u0142onkiem konfederacji Sejmu Czteroletniego w 1788 roku. Ostatecznie zosta\u0142 p\u0142atnym agentem ambasady rosyjskiej, \u015bci\u015ble wsp\u00f3\u0142pracuj\u0105c z przedstawicielami dyplomatycznymi Rosji \u2013 Niko\u0142ajem Repninem i Otto Magnusem von Stackelbergiem, za co 1 wrze\u015bnia 1790 roku zosta\u0142 skazany przez Sejm Czteroletni na wygnanie i pozbawienie wszystkich tytu\u0142\u00f3w. Wyrok zosta\u0142 uchylony 13 maja 1793 roku przez konfederacj\u0119 targowick\u0105. Straszny facet, prawda? Jest moim stryjecznym 4 razy pradziadkiem, gdy\u017c Miko\u0142aj Ossowski,\u00a0pods\u0119dek ziemski w\u00a0Poznaniu (1510-1575) oraz\u00a0Anna \u017bychli\u0144ska (1529-1596) byli moimi 11 razy a jego 5 razy pradziadkami.<\/p>\n<p>Jego pokrewie\u0144stwo ze mn\u0105\u00a0najlepiej zilustruje zrzut z ekranu wykresu drzewa.<\/p>\n<p><a href=\"http:\/\/piekarscy.com.pl\/wp-content\/uploads\/2017\/05\/poninski-ja.jpeg\"><img loading=\"lazy\" decoding=\"async\" class=\"aligncenter size-medium wp-image-8988\" src=\"http:\/\/piekarscy.com.pl\/wp-content\/uploads\/2017\/05\/poninski-ja-300x153.jpeg\" alt=\"\" width=\"300\" height=\"153\" srcset=\"http:\/\/piekarscy.com.pl\/wp-content\/uploads\/2017\/05\/poninski-ja-300x153.jpeg 300w, http:\/\/piekarscy.com.pl\/wp-content\/uploads\/2017\/05\/poninski-ja-1024x523.jpeg 1024w, http:\/\/piekarscy.com.pl\/wp-content\/uploads\/2017\/05\/poninski-ja-624x319.jpeg 624w\" sizes=\"auto, (max-width: 300px) 100vw, 300px\" \/><\/a><\/p>\n<p>A poniewa\u017c dzi\u015b jest rocznica uchwalenia Konstytucji 3 maja, wi\u0119c chcia\u0142am pozosta\u0107 w kr\u0119gu tego aktu. Za\u015b tym wpisem przypomnam, \u017ce nie dziedziczymy ani win przodk\u00f3w czy krewnych, ani ich zas\u0142ug, cho\u0107 do tych drugich tak ch\u0119tnie si\u0119 przyznajemy i nimi chwalimy.<\/p>\n<div style=\"width: 450px\" class=\"wp-caption aligncenter\"><img loading=\"lazy\" decoding=\"async\" src=\"https:\/\/upload.wikimedia.org\/wikipedia\/commons\/thumb\/3\/3a\/Adam_Poni%C5%84ski.png\/440px-Adam_Poni%C5%84ski.png\" alt=\"\" width=\"440\" height=\"1019\" \/><p class=\"wp-caption-text\">fr. obrazu Jana Matejki &#8222;Rejtan&#8221;<\/p><\/div>\n<p>PS W 1790 roku restrykcjami zosta\u0142 obj\u0119ty tylko Poni\u0144ski. Rodzin\u0119 (\u017con\u0119 i dzieci) oszcz\u0119dzono.<\/p>\n","protected":false},"excerpt":{"rendered":"<p>Gdy kilka lat temu wykupi\u0142am abonament do portalu wielcy.pl ze zdumieniem odkry\u0142am spor\u0105 liczb\u0119 w miar\u0119 bliskich krewnych, pokrewie\u0144stwa z kt\u00f3rymi zupe\u0142nie nie by\u0142am \u015bwiadoma. Jedn\u0105 z takich os\u00f3b, z kt\u00f3r\u0105 na szcz\u0119\u015bcie pokrewie\u0144stwo jest do\u015b\u0107 dalekie jest\u2026Adam ks. Poni\u0144ski h. \u0141odzia, kt\u00f3ry w czasie przeprowadzania I rozbioru Polski, mia\u0142 przyznane przez trzy pa\u0144stwa rozbiorcze [&hellip;]<\/p>\n","protected":false},"author":1,"featured_media":0,"comment_status":"closed","ping_status":"closed","sticky":false,"template":"","format":"standard","meta":{"footnotes":""},"categories":[1221],"tags":[1222,1165],"class_list":["post-8987","post","type-post","status-publish","format-standard","hentry","category-poninscy","tag-adam-ks-poninski-h-lodzia","tag-wielcy-pl"],"_links":{"self":[{"href":"http:\/\/piekarscy.com.pl\/index.php?rest_route=\/wp\/v2\/posts\/8987","targetHints":{"allow":["GET"]}}],"collection":[{"href":"http:\/\/piekarscy.com.pl\/index.php?rest_route=\/wp\/v2\/posts"}],"about":[{"href":"http:\/\/piekarscy.com.pl\/index.php?rest_route=\/wp\/v2\/types\/post"}],"author":[{"embeddable":true,"href":"http:\/\/piekarscy.com.pl\/index.php?rest_route=\/wp\/v2\/users\/1"}],"replies":[{"embeddable":true,"href":"http:\/\/piekarscy.com.pl\/index.php?rest_route=%2Fwp%2Fv2%2Fcomments&post=8987"}],"version-history":[{"count":4,"href":"http:\/\/piekarscy.com.pl\/index.php?rest_route=\/wp\/v2\/posts\/8987\/revisions"}],"predecessor-version":[{"id":8992,"href":"http:\/\/piekarscy.com.pl\/index.php?rest_route=\/wp\/v2\/posts\/8987\/revisions\/8992"}],"wp:attachment":[{"href":"http:\/\/piekarscy.com.pl\/index.php?rest_route=%2Fwp%2Fv2%2Fmedia&parent=8987"}],"wp:term":[{"taxonomy":"category","embeddable":true,"href":"http:\/\/piekarscy.com.pl\/index.php?rest_route=%2Fwp%2Fv2%2Fcategories&post=8987"},{"taxonomy":"post_tag","embeddable":true,"href":"http:\/\/piekarscy.com.pl\/index.php?rest_route=%2Fwp%2Fv2%2Ftags&post=8987"}],"curies":[{"name":"wp","href":"https:\/\/api.w.org\/{rel}","templated":true}]}}