{"id":9002,"date":"2017-05-06T05:50:20","date_gmt":"2017-05-06T05:50:20","guid":{"rendered":"http:\/\/piekarscy.com.pl\/?p=9002"},"modified":"2017-05-06T08:34:12","modified_gmt":"2017-05-06T08:34:12","slug":"tata-wedkuje-w-kazimierzu","status":"publish","type":"post","link":"http:\/\/piekarscy.com.pl\/?p=9002","title":{"rendered":"Tata w\u0119dkuje w Kazimierzu"},"content":{"rendered":"<p>Jedne z wielu wakacji w Kazimierzu Dolnym. To tu moi rodzice pojechali w podr\u00f3\u017c po\u015blubn\u0105. Tu wracali najch\u0119tniej. Tata w\u0119dkuje. Rok 1976.<\/p>\n<p><a href=\"http:\/\/piekarscy.com.pl\/wp-content\/uploads\/2017\/05\/PICT0081.jpg\"><img loading=\"lazy\" decoding=\"async\" class=\"aligncenter size-medium wp-image-9003\" src=\"http:\/\/piekarscy.com.pl\/wp-content\/uploads\/2017\/05\/PICT0081-300x200.jpg\" alt=\"\" width=\"300\" height=\"200\" srcset=\"http:\/\/piekarscy.com.pl\/wp-content\/uploads\/2017\/05\/PICT0081-300x200.jpg 300w, http:\/\/piekarscy.com.pl\/wp-content\/uploads\/2017\/05\/PICT0081-1024x683.jpg 1024w, http:\/\/piekarscy.com.pl\/wp-content\/uploads\/2017\/05\/PICT0081-624x416.jpg 624w\" sizes=\"auto, (max-width: 300px) 100vw, 300px\" \/><\/a> <a href=\"http:\/\/piekarscy.com.pl\/wp-content\/uploads\/2017\/05\/PICT0071.jpg\"><img loading=\"lazy\" decoding=\"async\" class=\"aligncenter size-medium wp-image-9004\" src=\"http:\/\/piekarscy.com.pl\/wp-content\/uploads\/2017\/05\/PICT0071-300x200.jpg\" alt=\"\" width=\"300\" height=\"200\" srcset=\"http:\/\/piekarscy.com.pl\/wp-content\/uploads\/2017\/05\/PICT0071-300x200.jpg 300w, http:\/\/piekarscy.com.pl\/wp-content\/uploads\/2017\/05\/PICT0071-1024x683.jpg 1024w, http:\/\/piekarscy.com.pl\/wp-content\/uploads\/2017\/05\/PICT0071-624x416.jpg 624w\" sizes=\"auto, (max-width: 300px) 100vw, 300px\" \/><\/a> <a href=\"http:\/\/piekarscy.com.pl\/wp-content\/uploads\/2017\/05\/PICT0072.jpg\"><img loading=\"lazy\" decoding=\"async\" class=\"aligncenter size-medium wp-image-9005\" src=\"http:\/\/piekarscy.com.pl\/wp-content\/uploads\/2017\/05\/PICT0072-300x200.jpg\" alt=\"\" width=\"300\" height=\"200\" srcset=\"http:\/\/piekarscy.com.pl\/wp-content\/uploads\/2017\/05\/PICT0072-300x200.jpg 300w, http:\/\/piekarscy.com.pl\/wp-content\/uploads\/2017\/05\/PICT0072-1024x683.jpg 1024w, http:\/\/piekarscy.com.pl\/wp-content\/uploads\/2017\/05\/PICT0072-624x416.jpg 624w\" sizes=\"auto, (max-width: 300px) 100vw, 300px\" \/><\/a> <a href=\"http:\/\/piekarscy.com.pl\/wp-content\/uploads\/2017\/05\/PICT0076.jpg\"><img loading=\"lazy\" decoding=\"async\" class=\"aligncenter size-medium wp-image-9006\" src=\"http:\/\/piekarscy.com.pl\/wp-content\/uploads\/2017\/05\/PICT0076-300x200.jpg\" alt=\"\" width=\"300\" height=\"200\" srcset=\"http:\/\/piekarscy.com.pl\/wp-content\/uploads\/2017\/05\/PICT0076-300x200.jpg 300w, http:\/\/piekarscy.com.pl\/wp-content\/uploads\/2017\/05\/PICT0076-1024x683.jpg 1024w, http:\/\/piekarscy.com.pl\/wp-content\/uploads\/2017\/05\/PICT0076-624x416.jpg 624w\" sizes=\"auto, (max-width: 300px) 100vw, 300px\" \/><\/a> <a href=\"http:\/\/piekarscy.com.pl\/wp-content\/uploads\/2017\/05\/PICT0077.jpg\"><img loading=\"lazy\" decoding=\"async\" class=\"aligncenter size-medium wp-image-9007\" src=\"http:\/\/piekarscy.com.pl\/wp-content\/uploads\/2017\/05\/PICT0077-300x200.jpg\" alt=\"\" width=\"300\" height=\"200\" srcset=\"http:\/\/piekarscy.com.pl\/wp-content\/uploads\/2017\/05\/PICT0077-300x200.jpg 300w, http:\/\/piekarscy.com.pl\/wp-content\/uploads\/2017\/05\/PICT0077-1024x683.jpg 1024w, http:\/\/piekarscy.com.pl\/wp-content\/uploads\/2017\/05\/PICT0077-624x416.jpg 624w\" sizes=\"auto, (max-width: 300px) 100vw, 300px\" \/><\/a> <a href=\"http:\/\/piekarscy.com.pl\/wp-content\/uploads\/2017\/05\/PICT0078.jpg\"><img loading=\"lazy\" decoding=\"async\" class=\"aligncenter size-medium wp-image-9008\" src=\"http:\/\/piekarscy.com.pl\/wp-content\/uploads\/2017\/05\/PICT0078-300x200.jpg\" alt=\"\" width=\"300\" height=\"200\" srcset=\"http:\/\/piekarscy.com.pl\/wp-content\/uploads\/2017\/05\/PICT0078-300x200.jpg 300w, http:\/\/piekarscy.com.pl\/wp-content\/uploads\/2017\/05\/PICT0078-1024x683.jpg 1024w, http:\/\/piekarscy.com.pl\/wp-content\/uploads\/2017\/05\/PICT0078-624x416.jpg 624w\" sizes=\"auto, (max-width: 300px) 100vw, 300px\" \/><\/a> <a href=\"http:\/\/piekarscy.com.pl\/wp-content\/uploads\/2017\/05\/PICT0079.jpg\"><img loading=\"lazy\" decoding=\"async\" class=\"aligncenter size-medium wp-image-9009\" src=\"http:\/\/piekarscy.com.pl\/wp-content\/uploads\/2017\/05\/PICT0079-300x200.jpg\" alt=\"\" width=\"300\" height=\"200\" srcset=\"http:\/\/piekarscy.com.pl\/wp-content\/uploads\/2017\/05\/PICT0079-300x200.jpg 300w, http:\/\/piekarscy.com.pl\/wp-content\/uploads\/2017\/05\/PICT0079-1024x683.jpg 1024w, http:\/\/piekarscy.com.pl\/wp-content\/uploads\/2017\/05\/PICT0079-624x416.jpg 624w\" sizes=\"auto, (max-width: 300px) 100vw, 300px\" \/><\/a> <a href=\"http:\/\/piekarscy.com.pl\/wp-content\/uploads\/2017\/05\/PICT0080.jpg\"><img loading=\"lazy\" decoding=\"async\" class=\"aligncenter size-medium wp-image-9010\" src=\"http:\/\/piekarscy.com.pl\/wp-content\/uploads\/2017\/05\/PICT0080-300x200.jpg\" alt=\"\" width=\"300\" height=\"200\" srcset=\"http:\/\/piekarscy.com.pl\/wp-content\/uploads\/2017\/05\/PICT0080-300x200.jpg 300w, http:\/\/piekarscy.com.pl\/wp-content\/uploads\/2017\/05\/PICT0080-1024x683.jpg 1024w, http:\/\/piekarscy.com.pl\/wp-content\/uploads\/2017\/05\/PICT0080-624x416.jpg 624w\" sizes=\"auto, (max-width: 300px) 100vw, 300px\" \/><\/a><\/p>\n","protected":false},"excerpt":{"rendered":"<p>Jedne z wielu wakacji w Kazimierzu Dolnym. To tu moi rodzice pojechali w podr\u00f3\u017c po\u015blubn\u0105. Tu wracali najch\u0119tniej. Tata w\u0119dkuje. Rok 1976.<\/p>\n","protected":false},"author":1,"featured_media":0,"comment_status":"closed","ping_status":"closed","sticky":false,"template":"","format":"standard","meta":{"footnotes":""},"categories":[3],"tags":[102,953,140,139,743,599],"class_list":["post-9002","post","type-post","status-publish","format-standard","hentry","category-piekarscy","tag-fotografia","tag-kazimierz-dolny","tag-maciej-pawel-piekarski","tag-maciej-piekarski","tag-wisla","tag-zdjecie"],"_links":{"self":[{"href":"http:\/\/piekarscy.com.pl\/index.php?rest_route=\/wp\/v2\/posts\/9002","targetHints":{"allow":["GET"]}}],"collection":[{"href":"http:\/\/piekarscy.com.pl\/index.php?rest_route=\/wp\/v2\/posts"}],"about":[{"href":"http:\/\/piekarscy.com.pl\/index.php?rest_route=\/wp\/v2\/types\/post"}],"author":[{"embeddable":true,"href":"http:\/\/piekarscy.com.pl\/index.php?rest_route=\/wp\/v2\/users\/1"}],"replies":[{"embeddable":true,"href":"http:\/\/piekarscy.com.pl\/index.php?rest_route=%2Fwp%2Fv2%2Fcomments&post=9002"}],"version-history":[{"count":1,"href":"http:\/\/piekarscy.com.pl\/index.php?rest_route=\/wp\/v2\/posts\/9002\/revisions"}],"predecessor-version":[{"id":9011,"href":"http:\/\/piekarscy.com.pl\/index.php?rest_route=\/wp\/v2\/posts\/9002\/revisions\/9011"}],"wp:attachment":[{"href":"http:\/\/piekarscy.com.pl\/index.php?rest_route=%2Fwp%2Fv2%2Fmedia&parent=9002"}],"wp:term":[{"taxonomy":"category","embeddable":true,"href":"http:\/\/piekarscy.com.pl\/index.php?rest_route=%2Fwp%2Fv2%2Fcategories&post=9002"},{"taxonomy":"post_tag","embeddable":true,"href":"http:\/\/piekarscy.com.pl\/index.php?rest_route=%2Fwp%2Fv2%2Ftags&post=9002"}],"curies":[{"name":"wp","href":"https:\/\/api.w.org\/{rel}","templated":true}]}}