{"id":9073,"date":"2017-05-14T05:44:14","date_gmt":"2017-05-14T05:44:14","guid":{"rendered":"http:\/\/piekarscy.com.pl\/?p=9073"},"modified":"2017-05-15T16:15:25","modified_gmt":"2017-05-15T16:15:25","slug":"w-rabce-w-dorozce","status":"publish","type":"post","link":"http:\/\/piekarscy.com.pl\/?p=9073","title":{"rendered":"W Rabce w doro\u017cce"},"content":{"rendered":"<p>Gdy je\u017adzi\u0142am na kolonie do si\u00f3str Urszulanek do Rabki doje\u017cd\u017ca\u0142am tam z mam\u0105 poci\u0105giem do Krakowa, potem stamt\u0105d do Rabki autobusem PKS. W Krakowie przerwa w podr\u00f3\u017cy trwa\u0142a dwie godziny, wi\u0119c mama za ka\u017cdym razem chcia\u0142a bym cokolwiek z Krakowa zobaczy\u0142a. Chocia\u017cby z zewn\u0105trz Wawel lub na chwil\u0119 ko\u015bci\u00f3\u0142 Mariacki z o\u0142tarzem Wita Stwosza. Potem wsiada\u0142y\u015bmy w autobus, a&#8230; z dworca autobusowego w Rabce bra\u0142y\u015bmy doro\u017ck\u0119 i takim \u015brodkiem transportu jecha\u0142y\u015bmy na ulic\u0119 Cich\u0105 14, gdzie czeka\u0142a na nas cudowna siostra Maria &#8211; kolonijna wychowawczyni. Tu ja w doro\u017cce.<\/p>\n<p><a href=\"http:\/\/piekarscy.com.pl\/wp-content\/uploads\/2017\/05\/PICT0231.jpg\"><img loading=\"lazy\" decoding=\"async\" class=\"aligncenter wp-image-9074 size-medium\" src=\"http:\/\/piekarscy.com.pl\/wp-content\/uploads\/2017\/05\/PICT0231-e1494864883693-300x204.jpg\" alt=\"\" width=\"300\" height=\"204\" srcset=\"http:\/\/piekarscy.com.pl\/wp-content\/uploads\/2017\/05\/PICT0231-e1494864883693-300x204.jpg 300w, http:\/\/piekarscy.com.pl\/wp-content\/uploads\/2017\/05\/PICT0231-e1494864883693-1024x695.jpg 1024w, http:\/\/piekarscy.com.pl\/wp-content\/uploads\/2017\/05\/PICT0231-e1494864883693-624x424.jpg 624w\" sizes=\"auto, (max-width: 300px) 100vw, 300px\" \/><\/a><\/p>\n","protected":false},"excerpt":{"rendered":"<p>Gdy je\u017adzi\u0142am na kolonie do si\u00f3str Urszulanek do Rabki doje\u017cd\u017ca\u0142am tam z mam\u0105 poci\u0105giem do Krakowa, potem stamt\u0105d do Rabki autobusem PKS. W Krakowie przerwa w podr\u00f3\u017cy trwa\u0142a dwie godziny, wi\u0119c mama za ka\u017cdym razem chcia\u0142a bym cokolwiek z Krakowa zobaczy\u0142a. Chocia\u017cby z zewn\u0105trz Wawel lub na chwil\u0119 ko\u015bci\u00f3\u0142 Mariacki z o\u0142tarzem Wita Stwosza. Potem [&hellip;]<\/p>\n","protected":false},"author":1,"featured_media":0,"comment_status":"closed","ping_status":"closed","sticky":false,"template":"","format":"standard","meta":{"footnotes":""},"categories":[3],"tags":[102,312,1230,599],"class_list":["post-9073","post","type-post","status-publish","format-standard","hentry","category-piekarscy","tag-fotografia","tag-malgorzata-karolina-piekarska","tag-rabka","tag-zdjecie"],"_links":{"self":[{"href":"http:\/\/piekarscy.com.pl\/index.php?rest_route=\/wp\/v2\/posts\/9073","targetHints":{"allow":["GET"]}}],"collection":[{"href":"http:\/\/piekarscy.com.pl\/index.php?rest_route=\/wp\/v2\/posts"}],"about":[{"href":"http:\/\/piekarscy.com.pl\/index.php?rest_route=\/wp\/v2\/types\/post"}],"author":[{"embeddable":true,"href":"http:\/\/piekarscy.com.pl\/index.php?rest_route=\/wp\/v2\/users\/1"}],"replies":[{"embeddable":true,"href":"http:\/\/piekarscy.com.pl\/index.php?rest_route=%2Fwp%2Fv2%2Fcomments&post=9073"}],"version-history":[{"count":4,"href":"http:\/\/piekarscy.com.pl\/index.php?rest_route=\/wp\/v2\/posts\/9073\/revisions"}],"predecessor-version":[{"id":9327,"href":"http:\/\/piekarscy.com.pl\/index.php?rest_route=\/wp\/v2\/posts\/9073\/revisions\/9327"}],"wp:attachment":[{"href":"http:\/\/piekarscy.com.pl\/index.php?rest_route=%2Fwp%2Fv2%2Fmedia&parent=9073"}],"wp:term":[{"taxonomy":"category","embeddable":true,"href":"http:\/\/piekarscy.com.pl\/index.php?rest_route=%2Fwp%2Fv2%2Fcategories&post=9073"},{"taxonomy":"post_tag","embeddable":true,"href":"http:\/\/piekarscy.com.pl\/index.php?rest_route=%2Fwp%2Fv2%2Ftags&post=9073"}],"curies":[{"name":"wp","href":"https:\/\/api.w.org\/{rel}","templated":true}]}}