{"id":9206,"date":"2017-05-29T05:29:02","date_gmt":"2017-05-29T05:29:02","guid":{"rendered":"http:\/\/piekarscy.com.pl\/?p=9206"},"modified":"2017-05-24T11:05:07","modified_gmt":"2017-05-24T11:05:07","slug":"jedne-z-wakacji-w-niedzicy-cz-8-i-ostatnia","status":"publish","type":"post","link":"http:\/\/piekarscy.com.pl\/?p=9206","title":{"rendered":"Jedne z wakacji w Niedzicy cz. 8 i ostatnia"},"content":{"rendered":"<p>Sp\u0119dzali\u015bmy te\u017c wakacje w zamku w Niedzicy (pocz\u0105tki historii Zamku to XIV wiek) gdzie mie\u015bci\u0142 si\u0119 (i mie\u015bci) Dom Pracy Tw\u00f3rczej Stowarzyszenia Historyk\u00f3w Sztuki. Mie\u015bci si\u0119 tam te\u017c muzeum, po kt\u00f3rym oprowadza\u0142am jako dziecko, bo bardzo mnie kr\u0119ci\u0142o bycie muzealnikiem.\u00a0Na tych zdj\u0119ciach\u00a0zamek w ca\u0142ej krasie&#8230;<\/p>\n<p>Oto \u00f3sma i ostatnia cz\u0119\u015b\u0107 zdj\u0119\u0107 z pewnych wakacji.<\/p>\n<p><a href=\"http:\/\/piekarscy.com.pl\/wp-content\/uploads\/2017\/05\/PICT1855.jpg\"><img loading=\"lazy\" decoding=\"async\" class=\"aligncenter size-medium wp-image-9182\" src=\"http:\/\/piekarscy.com.pl\/wp-content\/uploads\/2017\/05\/PICT1855-300x200.jpg\" alt=\"\" width=\"300\" height=\"200\" srcset=\"http:\/\/piekarscy.com.pl\/wp-content\/uploads\/2017\/05\/PICT1855-300x200.jpg 300w, http:\/\/piekarscy.com.pl\/wp-content\/uploads\/2017\/05\/PICT1855-1024x683.jpg 1024w, http:\/\/piekarscy.com.pl\/wp-content\/uploads\/2017\/05\/PICT1855-624x416.jpg 624w\" sizes=\"auto, (max-width: 300px) 100vw, 300px\" \/><\/a> <a href=\"http:\/\/piekarscy.com.pl\/wp-content\/uploads\/2017\/05\/PICT1856.jpg\"><img loading=\"lazy\" decoding=\"async\" class=\"aligncenter size-medium wp-image-9183\" src=\"http:\/\/piekarscy.com.pl\/wp-content\/uploads\/2017\/05\/PICT1856-300x200.jpg\" alt=\"\" width=\"300\" height=\"200\" srcset=\"http:\/\/piekarscy.com.pl\/wp-content\/uploads\/2017\/05\/PICT1856-300x200.jpg 300w, http:\/\/piekarscy.com.pl\/wp-content\/uploads\/2017\/05\/PICT1856-1024x683.jpg 1024w, http:\/\/piekarscy.com.pl\/wp-content\/uploads\/2017\/05\/PICT1856-624x416.jpg 624w\" sizes=\"auto, (max-width: 300px) 100vw, 300px\" \/><\/a> <a href=\"http:\/\/piekarscy.com.pl\/wp-content\/uploads\/2017\/05\/PICT1857.jpg\"><img loading=\"lazy\" decoding=\"async\" class=\"aligncenter size-medium wp-image-9184\" src=\"http:\/\/piekarscy.com.pl\/wp-content\/uploads\/2017\/05\/PICT1857-200x300.jpg\" alt=\"\" width=\"200\" height=\"300\" srcset=\"http:\/\/piekarscy.com.pl\/wp-content\/uploads\/2017\/05\/PICT1857-200x300.jpg 200w, http:\/\/piekarscy.com.pl\/wp-content\/uploads\/2017\/05\/PICT1857-683x1024.jpg 683w, http:\/\/piekarscy.com.pl\/wp-content\/uploads\/2017\/05\/PICT1857-624x936.jpg 624w, http:\/\/piekarscy.com.pl\/wp-content\/uploads\/2017\/05\/PICT1857.jpg 1840w\" sizes=\"auto, (max-width: 200px) 100vw, 200px\" \/><\/a> <a href=\"http:\/\/piekarscy.com.pl\/wp-content\/uploads\/2017\/05\/PICT1858.jpg\"><img loading=\"lazy\" decoding=\"async\" class=\"aligncenter size-medium wp-image-9185\" src=\"http:\/\/piekarscy.com.pl\/wp-content\/uploads\/2017\/05\/PICT1858-300x200.jpg\" alt=\"\" width=\"300\" height=\"200\" srcset=\"http:\/\/piekarscy.com.pl\/wp-content\/uploads\/2017\/05\/PICT1858-300x200.jpg 300w, http:\/\/piekarscy.com.pl\/wp-content\/uploads\/2017\/05\/PICT1858-1024x683.jpg 1024w, http:\/\/piekarscy.com.pl\/wp-content\/uploads\/2017\/05\/PICT1858-624x416.jpg 624w\" sizes=\"auto, (max-width: 300px) 100vw, 300px\" \/><\/a> <a href=\"http:\/\/piekarscy.com.pl\/wp-content\/uploads\/2017\/05\/PICT1862.jpg\"><img loading=\"lazy\" decoding=\"async\" class=\"aligncenter size-medium wp-image-9186\" src=\"http:\/\/piekarscy.com.pl\/wp-content\/uploads\/2017\/05\/PICT1862-300x212.jpg\" alt=\"\" width=\"300\" height=\"212\" srcset=\"http:\/\/piekarscy.com.pl\/wp-content\/uploads\/2017\/05\/PICT1862-300x212.jpg 300w, http:\/\/piekarscy.com.pl\/wp-content\/uploads\/2017\/05\/PICT1862-1024x723.jpg 1024w, http:\/\/piekarscy.com.pl\/wp-content\/uploads\/2017\/05\/PICT1862-624x440.jpg 624w\" sizes=\"auto, (max-width: 300px) 100vw, 300px\" \/><\/a><\/p>\n","protected":false},"excerpt":{"rendered":"<p>Sp\u0119dzali\u015bmy te\u017c wakacje w zamku w Niedzicy (pocz\u0105tki historii Zamku to XIV wiek) gdzie mie\u015bci\u0142 si\u0119 (i mie\u015bci) Dom Pracy Tw\u00f3rczej Stowarzyszenia Historyk\u00f3w Sztuki. Mie\u015bci si\u0119 tam te\u017c muzeum, po kt\u00f3rym oprowadza\u0142am jako dziecko, bo bardzo mnie kr\u0119ci\u0142o bycie muzealnikiem.\u00a0Na tych zdj\u0119ciach\u00a0zamek w ca\u0142ej krasie&#8230; Oto \u00f3sma i ostatnia cz\u0119\u015b\u0107 zdj\u0119\u0107 z pewnych wakacji.<\/p>\n","protected":false},"author":1,"featured_media":0,"comment_status":"closed","ping_status":"closed","sticky":false,"template":"","format":"standard","meta":{"footnotes":""},"categories":[3],"tags":[102,485,484,599],"class_list":["post-9206","post","type-post","status-publish","format-standard","hentry","category-piekarscy","tag-fotografia","tag-niedzica","tag-zamek-w-niedzicy","tag-zdjecie"],"_links":{"self":[{"href":"http:\/\/piekarscy.com.pl\/index.php?rest_route=\/wp\/v2\/posts\/9206","targetHints":{"allow":["GET"]}}],"collection":[{"href":"http:\/\/piekarscy.com.pl\/index.php?rest_route=\/wp\/v2\/posts"}],"about":[{"href":"http:\/\/piekarscy.com.pl\/index.php?rest_route=\/wp\/v2\/types\/post"}],"author":[{"embeddable":true,"href":"http:\/\/piekarscy.com.pl\/index.php?rest_route=\/wp\/v2\/users\/1"}],"replies":[{"embeddable":true,"href":"http:\/\/piekarscy.com.pl\/index.php?rest_route=%2Fwp%2Fv2%2Fcomments&post=9206"}],"version-history":[{"count":1,"href":"http:\/\/piekarscy.com.pl\/index.php?rest_route=\/wp\/v2\/posts\/9206\/revisions"}],"predecessor-version":[{"id":9207,"href":"http:\/\/piekarscy.com.pl\/index.php?rest_route=\/wp\/v2\/posts\/9206\/revisions\/9207"}],"wp:attachment":[{"href":"http:\/\/piekarscy.com.pl\/index.php?rest_route=%2Fwp%2Fv2%2Fmedia&parent=9206"}],"wp:term":[{"taxonomy":"category","embeddable":true,"href":"http:\/\/piekarscy.com.pl\/index.php?rest_route=%2Fwp%2Fv2%2Fcategories&post=9206"},{"taxonomy":"post_tag","embeddable":true,"href":"http:\/\/piekarscy.com.pl\/index.php?rest_route=%2Fwp%2Fv2%2Ftags&post=9206"}],"curies":[{"name":"wp","href":"https:\/\/api.w.org\/{rel}","templated":true}]}}