{"id":9227,"date":"2017-06-02T13:21:42","date_gmt":"2017-06-02T13:21:42","guid":{"rendered":"http:\/\/piekarscy.com.pl\/?p=9227"},"modified":"2017-05-23T11:19:00","modified_gmt":"2017-05-23T11:19:00","slug":"40-razy-pradziadek-mieszko-i-czyli-poczet-strasznych-przodkow-cz-1","status":"publish","type":"post","link":"http:\/\/piekarscy.com.pl\/?p=9227","title":{"rendered":"40 razy pradziadek Mieszko I, czyli poczet strasznych przodk\u00f3w cz. 1"},"content":{"rendered":"<p>Zach\u0119cona powodzeniem wpisu o <a href=\"http:\/\/piekarscy.com.pl\/?p=8987\" target=\"_blank\" rel=\"noopener noreferrer\">Adamie Poni\u0144skim<\/a>, kt\u00f3rego pokrewie\u0144stwo odkry\u0142am dzi\u0119ki portalowi Wielcy.pl postanowi\u0142am zaprezentowa\u0107 poczet strasznych przodk\u00f3w, kt\u00f3rych poznanie umo\u017cliwi\u0142 mi ten portal. B\u0119d\u0119 w tych wpisach stara\u0142a si\u0119 podkre\u015bli\u0107 ich najstraszniejsze cechy. Wszystko dlatego, \u017ce zawsze chcemy\u00a0wyprze\u0107 si\u0119 z\u0142ych czyn\u00f3w naszych przodk\u00f3w, a ch\u0119tnie przypisujemy sobie ich zas\u0142ugi, cho\u0107 przecie\u017c ani jednych ani drugich nie dziedziczymy. Tytu\u0142\u00f3w te\u017c ju\u017c nie.<\/p>\n<p>Oto cz\u0119\u015b\u0107 1.<\/p>\n<p>M\u00f3j 40 razy pradziadek Mieszko I (ur. ok. 922-945 &#8211; zm. 25 maja 992) &#8211; w\u0142adca plemienia Polan, uchodz\u0105cy za pierwszego historycznego w\u0142adc\u0119 Polski. Dok\u0142adny \u017cyciorys w <a href=\"https:\/\/pl.wikipedia.org\/wiki\/Mieszko_I\" target=\"_blank\" rel=\"noopener noreferrer\">Wikipedii<\/a>.<\/p>\n<p><a href=\"http:\/\/piekarscy.com.pl\/wp-content\/uploads\/2017\/05\/Mieszko_I_of_Poland.png\"><img loading=\"lazy\" decoding=\"async\" class=\"aligncenter size-medium wp-image-9226\" src=\"http:\/\/piekarscy.com.pl\/wp-content\/uploads\/2017\/05\/Mieszko_I_of_Poland-212x300.png\" alt=\"\" width=\"212\" height=\"300\" srcset=\"http:\/\/piekarscy.com.pl\/wp-content\/uploads\/2017\/05\/Mieszko_I_of_Poland-212x300.png 212w, http:\/\/piekarscy.com.pl\/wp-content\/uploads\/2017\/05\/Mieszko_I_of_Poland.png 508w\" sizes=\"auto, (max-width: 212px) 100vw, 212px\" \/><\/a><\/p>\n<p>Na zdj. Mieszko I, ilustracja z dzie\u0142a ks. Jana G\u0142uchowskiego, Icones ksi\u0105\u017c\u0105t i kr\u00f3l\u00f3w polskich, 1605<\/p>\n<p>Chc\u0119 w tym miejscu\u00a0zwr\u00f3ci\u0107 uwag\u0119 na to, \u017ce<strong> jako poganin mia\u0142 7 \u017con<\/strong>, kt\u00f3re po \u015blubie z 40 razy prababci\u0105 D\u0105br\u00f3wk\u0105 <strong>odprawi\u0142<\/strong>. A z Aktu Dagome Iudex, kt\u00f3ry jest pono\u0107 czym\u015b w rodzaju testamentu wynika, \u017ce&#8230; <strong>pomin\u0105\u0142 syna Boles\u0142awa<\/strong>&#8230; Czy kto\u015b si\u0119 dziwi, \u017ce ten potem wygna\u0142 z kraju macoch\u0119 i przyrodnich braci? Na szcz\u0119\u015bcie moja 39 razy prababcia \u015awi\u0119tos\u0142awa by\u0142a ju\u017c wtedy w Szwecji&#8230;<\/p>\n<p>A tu\u00a0drzewo wyja\u015bniaj\u0105ce pokrewie\u0144stwo. Drzewo w dw\u00f3ch cz\u0119\u015bciach, bo w jednej si\u0119 to nie mie\u015bci&#8230;<\/p>\n<p><a href=\"http:\/\/piekarscy.com.pl\/wp-content\/uploads\/2017\/05\/mieszko1-cz1.jpg\"><img loading=\"lazy\" decoding=\"async\" class=\"aligncenter size-medium wp-image-9229\" src=\"http:\/\/piekarscy.com.pl\/wp-content\/uploads\/2017\/05\/mieszko1-cz1-191x300.jpg\" alt=\"\" width=\"191\" height=\"300\" srcset=\"http:\/\/piekarscy.com.pl\/wp-content\/uploads\/2017\/05\/mieszko1-cz1-191x300.jpg 191w, http:\/\/piekarscy.com.pl\/wp-content\/uploads\/2017\/05\/mieszko1-cz1.jpg 576w\" sizes=\"auto, (max-width: 191px) 100vw, 191px\" \/><\/a><a href=\"http:\/\/piekarscy.com.pl\/wp-content\/uploads\/2017\/05\/Mieszko1-cz2.jpg\"><img loading=\"lazy\" decoding=\"async\" class=\"aligncenter size-medium wp-image-9228\" src=\"http:\/\/piekarscy.com.pl\/wp-content\/uploads\/2017\/05\/Mieszko1-cz2-221x300.jpg\" alt=\"\" width=\"221\" height=\"300\" srcset=\"http:\/\/piekarscy.com.pl\/wp-content\/uploads\/2017\/05\/Mieszko1-cz2-221x300.jpg 221w, http:\/\/piekarscy.com.pl\/wp-content\/uploads\/2017\/05\/Mieszko1-cz2.jpg 756w, http:\/\/piekarscy.com.pl\/wp-content\/uploads\/2017\/05\/Mieszko1-cz2-624x845.jpg 624w\" sizes=\"auto, (max-width: 221px) 100vw, 221px\" \/><\/a><\/p>\n","protected":false},"excerpt":{"rendered":"<p>Zach\u0119cona powodzeniem wpisu o Adamie Poni\u0144skim, kt\u00f3rego pokrewie\u0144stwo odkry\u0142am dzi\u0119ki portalowi Wielcy.pl postanowi\u0142am zaprezentowa\u0107 poczet strasznych przodk\u00f3w, kt\u00f3rych poznanie umo\u017cliwi\u0142 mi ten portal. B\u0119d\u0119 w tych wpisach stara\u0142a si\u0119 podkre\u015bli\u0107 ich najstraszniejsze cechy. Wszystko dlatego, \u017ce zawsze chcemy\u00a0wyprze\u0107 si\u0119 z\u0142ych czyn\u00f3w naszych przodk\u00f3w, a ch\u0119tnie przypisujemy sobie ich zas\u0142ugi, cho\u0107 przecie\u017c ani jednych ani drugich [&hellip;]<\/p>\n","protected":false},"author":1,"featured_media":0,"comment_status":"closed","ping_status":"closed","sticky":false,"template":"","format":"standard","meta":{"footnotes":""},"categories":[1237],"tags":[1239,1238,1165],"class_list":["post-9227","post","type-post","status-publish","format-standard","hentry","category-piast","tag-dabrowka","tag-mieszko-i","tag-wielcy-pl"],"_links":{"self":[{"href":"http:\/\/piekarscy.com.pl\/index.php?rest_route=\/wp\/v2\/posts\/9227","targetHints":{"allow":["GET"]}}],"collection":[{"href":"http:\/\/piekarscy.com.pl\/index.php?rest_route=\/wp\/v2\/posts"}],"about":[{"href":"http:\/\/piekarscy.com.pl\/index.php?rest_route=\/wp\/v2\/types\/post"}],"author":[{"embeddable":true,"href":"http:\/\/piekarscy.com.pl\/index.php?rest_route=\/wp\/v2\/users\/1"}],"replies":[{"embeddable":true,"href":"http:\/\/piekarscy.com.pl\/index.php?rest_route=%2Fwp%2Fv2%2Fcomments&post=9227"}],"version-history":[{"count":4,"href":"http:\/\/piekarscy.com.pl\/index.php?rest_route=\/wp\/v2\/posts\/9227\/revisions"}],"predecessor-version":[{"id":9305,"href":"http:\/\/piekarscy.com.pl\/index.php?rest_route=\/wp\/v2\/posts\/9227\/revisions\/9305"}],"wp:attachment":[{"href":"http:\/\/piekarscy.com.pl\/index.php?rest_route=%2Fwp%2Fv2%2Fmedia&parent=9227"}],"wp:term":[{"taxonomy":"category","embeddable":true,"href":"http:\/\/piekarscy.com.pl\/index.php?rest_route=%2Fwp%2Fv2%2Fcategories&post=9227"},{"taxonomy":"post_tag","embeddable":true,"href":"http:\/\/piekarscy.com.pl\/index.php?rest_route=%2Fwp%2Fv2%2Ftags&post=9227"}],"curies":[{"name":"wp","href":"https:\/\/api.w.org\/{rel}","templated":true}]}}