{"id":9231,"date":"2017-06-03T13:43:29","date_gmt":"2017-06-03T13:43:29","guid":{"rendered":"http:\/\/piekarscy.com.pl\/?p=9231"},"modified":"2017-05-23T11:21:04","modified_gmt":"2017-05-23T11:21:04","slug":"39-razy-prababcia-swietoslawa-czyli-poczet-strasznych-przodkow-cz-2","status":"publish","type":"post","link":"http:\/\/piekarscy.com.pl\/?p=9231","title":{"rendered":"39 razy prababcia \u015awi\u0119tos\u0142awa, czyli poczet strasznych przodk\u00f3w cz. 2"},"content":{"rendered":"<p>Zach\u0119cona powodzeniem wpisu o <a href=\"http:\/\/piekarscy.com.pl\/?p=8987\" target=\"_blank\" rel=\"noopener noreferrer\">Adamie Poni\u0144skim<\/a>, kt\u00f3rego pokrewie\u0144stwo odkry\u0142am dzi\u0119ki portalowi Wielcy.pl postanowi\u0142am zaprezentowa\u0107 poczet strasznych przodk\u00f3w, kt\u00f3rych poznanie umo\u017cliwi\u0142 mi ten portal. B\u0119d\u0119 w tych wpisach stara\u0142a si\u0119 podkre\u015bli\u0107 ich najstraszniejsze cechy. Wszystko dlatego, \u017ce zawsze chcemy\u00a0wyprze\u0107 si\u0119 z\u0142ych czyn\u00f3w naszych przodk\u00f3w, a ch\u0119tnie przypisujemy sobie ich zas\u0142ugi, cho\u0107 przecie\u017c ani jednych ani drugich nie dziedziczymy. Tytu\u0142\u00f3w te\u017c ju\u017c nie.<\/p>\n<p>Oto cz\u0119\u015b\u0107 2.<\/p>\n<p>\u015awi\u0119tos\u0142awa, czyli\u00a0Sygryda Storr\u00e5da (ur. mi\u0119dzy 960 \u2013 972, zm. po 1016). C\u00f3rka Mieszka I. Kr\u00f3lowa Danii, Szwecji. Dok\u0142adny \u017cyciorys w <a href=\"https:\/\/pl.wikipedia.org\/wiki\/Sygryda_Storr%C3%A5da\" target=\"_blank\" rel=\"noopener noreferrer\">Wikipedii<\/a>:<\/p>\n<p><a href=\"http:\/\/piekarscy.com.pl\/wp-content\/uploads\/2017\/05\/Sigrid_and_olaf.jpg\"><img loading=\"lazy\" decoding=\"async\" class=\"aligncenter size-medium wp-image-9232\" src=\"http:\/\/piekarscy.com.pl\/wp-content\/uploads\/2017\/05\/Sigrid_and_olaf-300x278.jpg\" alt=\"\" width=\"300\" height=\"278\" srcset=\"http:\/\/piekarscy.com.pl\/wp-content\/uploads\/2017\/05\/Sigrid_and_olaf-300x278.jpg 300w, http:\/\/piekarscy.com.pl\/wp-content\/uploads\/2017\/05\/Sigrid_and_olaf.jpg 600w\" sizes=\"auto, (max-width: 300px) 100vw, 300px\" \/><\/a><\/p>\n<p>Na zdj\u0119ciu:\u00a0Sygryda Storr\u00e5da odmawia Olafowi Tryggvasonowi<\/p>\n<p>Wed\u0142ug Paw\u0142a Jasienicy \u015awi\u0119tos\u0142awa kocha\u0142a si\u0119 w Olafie Tryggvasonie. Odtr\u0105ci\u0142 j\u0105, co sta\u0142o si\u0119 przyczyn\u0105 intrygi, kt\u00f3ra zako\u0144czy\u0142a si\u0119 jego \u015bmierci\u0105 w bitwie pod Svold. Czyli <strong>doprowadzi\u0142a go do \u015bmierci.<\/strong>.. Storr\u00e5da oznacza osob\u0119 mocn\u0105 w s\u0142owach, dumn\u0105. Sygryda otrzyma\u0142a ten skandynawski przydomek, kiedy <strong>spali\u0142a \u017cywcem kr\u00f3la Vestfoldii Haralda Grenske<\/strong>, aby przestrzec innych &#8222;ma\u0142o wa\u017cnych&#8221; kr\u00f3l\u00f3w przed proponowaniem jej ma\u0142\u017ce\u0144stwa.<\/p>\n<p>A tu zn\u00f3w drzewo wyja\u015bniaj\u0105ce pokrewie\u0144stwo. Drzewo w dw\u00f3ch cz\u0119\u015bciach, bo w jednej si\u0119 to nie mie\u015bci&#8230;<\/p>\n<p><a href=\"http:\/\/piekarscy.com.pl\/wp-content\/uploads\/2017\/05\/mieszko1-cz1.jpg\"><img loading=\"lazy\" decoding=\"async\" class=\"aligncenter size-medium wp-image-9229\" src=\"http:\/\/piekarscy.com.pl\/wp-content\/uploads\/2017\/05\/mieszko1-cz1-191x300.jpg\" alt=\"\" width=\"191\" height=\"300\" srcset=\"http:\/\/piekarscy.com.pl\/wp-content\/uploads\/2017\/05\/mieszko1-cz1-191x300.jpg 191w, http:\/\/piekarscy.com.pl\/wp-content\/uploads\/2017\/05\/mieszko1-cz1.jpg 576w\" sizes=\"auto, (max-width: 191px) 100vw, 191px\" \/><\/a><a href=\"http:\/\/piekarscy.com.pl\/wp-content\/uploads\/2017\/05\/Mieszko1-cz2.jpg\"><img loading=\"lazy\" decoding=\"async\" class=\"aligncenter size-medium wp-image-9228\" src=\"http:\/\/piekarscy.com.pl\/wp-content\/uploads\/2017\/05\/Mieszko1-cz2-221x300.jpg\" alt=\"\" width=\"221\" height=\"300\" srcset=\"http:\/\/piekarscy.com.pl\/wp-content\/uploads\/2017\/05\/Mieszko1-cz2-221x300.jpg 221w, http:\/\/piekarscy.com.pl\/wp-content\/uploads\/2017\/05\/Mieszko1-cz2.jpg 756w, http:\/\/piekarscy.com.pl\/wp-content\/uploads\/2017\/05\/Mieszko1-cz2-624x845.jpg 624w\" sizes=\"auto, (max-width: 221px) 100vw, 221px\" \/><\/a><\/p>\n","protected":false},"excerpt":{"rendered":"<p>Zach\u0119cona powodzeniem wpisu o Adamie Poni\u0144skim, kt\u00f3rego pokrewie\u0144stwo odkry\u0142am dzi\u0119ki portalowi Wielcy.pl postanowi\u0142am zaprezentowa\u0107 poczet strasznych przodk\u00f3w, kt\u00f3rych poznanie umo\u017cliwi\u0142 mi ten portal. B\u0119d\u0119 w tych wpisach stara\u0142a si\u0119 podkre\u015bli\u0107 ich najstraszniejsze cechy. Wszystko dlatego, \u017ce zawsze chcemy\u00a0wyprze\u0107 si\u0119 z\u0142ych czyn\u00f3w naszych przodk\u00f3w, a ch\u0119tnie przypisujemy sobie ich zas\u0142ugi, cho\u0107 przecie\u017c ani jednych ani drugich [&hellip;]<\/p>\n","protected":false},"author":1,"featured_media":0,"comment_status":"closed","ping_status":"closed","sticky":false,"template":"","format":"standard","meta":{"footnotes":""},"categories":[1237],"tags":[1240,1242,1165],"class_list":["post-9231","post","type-post","status-publish","format-standard","hentry","category-piast","tag-swietoslawa","tag-sygryda-storrada","tag-wielcy-pl"],"_links":{"self":[{"href":"http:\/\/piekarscy.com.pl\/index.php?rest_route=\/wp\/v2\/posts\/9231","targetHints":{"allow":["GET"]}}],"collection":[{"href":"http:\/\/piekarscy.com.pl\/index.php?rest_route=\/wp\/v2\/posts"}],"about":[{"href":"http:\/\/piekarscy.com.pl\/index.php?rest_route=\/wp\/v2\/types\/post"}],"author":[{"embeddable":true,"href":"http:\/\/piekarscy.com.pl\/index.php?rest_route=\/wp\/v2\/users\/1"}],"replies":[{"embeddable":true,"href":"http:\/\/piekarscy.com.pl\/index.php?rest_route=%2Fwp%2Fv2%2Fcomments&post=9231"}],"version-history":[{"count":3,"href":"http:\/\/piekarscy.com.pl\/index.php?rest_route=\/wp\/v2\/posts\/9231\/revisions"}],"predecessor-version":[{"id":9306,"href":"http:\/\/piekarscy.com.pl\/index.php?rest_route=\/wp\/v2\/posts\/9231\/revisions\/9306"}],"wp:attachment":[{"href":"http:\/\/piekarscy.com.pl\/index.php?rest_route=%2Fwp%2Fv2%2Fmedia&parent=9231"}],"wp:term":[{"taxonomy":"category","embeddable":true,"href":"http:\/\/piekarscy.com.pl\/index.php?rest_route=%2Fwp%2Fv2%2Fcategories&post=9231"},{"taxonomy":"post_tag","embeddable":true,"href":"http:\/\/piekarscy.com.pl\/index.php?rest_route=%2Fwp%2Fv2%2Ftags&post=9231"}],"curies":[{"name":"wp","href":"https:\/\/api.w.org\/{rel}","templated":true}]}}