{"id":9242,"date":"2017-06-05T05:59:53","date_gmt":"2017-06-05T05:59:53","guid":{"rendered":"http:\/\/piekarscy.com.pl\/?p=9242"},"modified":"2017-06-04T08:22:32","modified_gmt":"2017-06-04T08:22:32","slug":"37-razy-pradziadek-jaroslaw-madry-czyli-poczet-strasznych-przodkow-cz-4","status":"publish","type":"post","link":"http:\/\/piekarscy.com.pl\/?p=9242","title":{"rendered":"37 razy pradziadek Jaros\u0142aw M\u0105dry, czyli poczet strasznych przodk\u00f3w cz. 4"},"content":{"rendered":"<p>Zach\u0119cona powodzeniem wpisu o <a href=\"http:\/\/piekarscy.com.pl\/?p=8987\" target=\"_blank\" rel=\"noopener noreferrer\">Adamie Poni\u0144skim<\/a>, kt\u00f3rego pokrewie\u0144stwo odkry\u0142am dzi\u0119ki portalowi Wielcy.pl postanowi\u0142am zaprezentowa\u0107 poczet strasznych przodk\u00f3w, kt\u00f3rych poznanie umo\u017cliwi\u0142 mi ten portal. B\u0119d\u0119 w tych wpisach stara\u0142a si\u0119 podkre\u015bli\u0107 ich najstraszniejsze cechy. Wszystko dlatego, \u017ce zawsze chcemy\u00a0wyprze\u0107 si\u0119 z\u0142ych czyn\u00f3w naszych przodk\u00f3w, a ch\u0119tnie przypisujemy sobie ich zas\u0142ugi, cho\u0107 przecie\u017c ani jednych ani drugich nie dziedziczymy. Tytu\u0142\u00f3w te\u017c ju\u017c nie.<\/p>\n<p>Oto cz\u0119\u015b\u0107 4.<\/p>\n<p>Jaros\u0142aw I M\u0105dry (ur. 978, zm. 20 lutego 1054)\u00a0tw\u00f3rca Wielkiej Rusi. Dok\u0142adny \u017cyciorys w <a href=\"https:\/\/pl.wikipedia.org\/wiki\/Jaros%C5%82aw_I_M%C4%85dry\" target=\"_blank\" rel=\"noopener noreferrer\">Wikipedii<\/a>:<\/p>\n<p><a href=\"http:\/\/piekarscy.com.pl\/wp-content\/uploads\/2017\/05\/Yaroslav_the_Wise2.jpg\"><img loading=\"lazy\" decoding=\"async\" class=\"aligncenter size-medium wp-image-9244\" src=\"http:\/\/piekarscy.com.pl\/wp-content\/uploads\/2017\/05\/Yaroslav_the_Wise2-217x300.jpg\" alt=\"\" width=\"217\" height=\"300\" srcset=\"http:\/\/piekarscy.com.pl\/wp-content\/uploads\/2017\/05\/Yaroslav_the_Wise2-217x300.jpg 217w, http:\/\/piekarscy.com.pl\/wp-content\/uploads\/2017\/05\/Yaroslav_the_Wise2.jpg 250w\" sizes=\"auto, (max-width: 217px) 100vw, 217px\" \/><\/a><\/p>\n<p><strong>Walczy\u0142<\/strong> z rodzonym bratem matki swojego te\u015bcia, czyli Boles\u0142awem Chrobrym. <strong>T\u0142uk\u0142<\/strong> si\u0119 z bratankiem Braczys\u0142awem, a nawet z w\u0142asnym ojcem\u00a0W\u0142odzimierzem Wielkim. Co za rodzina??? Co za czasy???<\/p>\n<p>A tu ponownie drzewo wyja\u015bniaj\u0105ce pokrewie\u0144stwo. Drzewo w dw\u00f3ch cz\u0119\u015bciach, bo w jednej si\u0119 to nie mie\u015bci&#8230;<\/p>\n<p><a href=\"http:\/\/piekarscy.com.pl\/wp-content\/uploads\/2017\/05\/mieszko1-cz1.jpg\"><img loading=\"lazy\" decoding=\"async\" class=\"aligncenter size-medium wp-image-9229\" src=\"http:\/\/piekarscy.com.pl\/wp-content\/uploads\/2017\/05\/mieszko1-cz1-191x300.jpg\" alt=\"\" width=\"191\" height=\"300\" srcset=\"http:\/\/piekarscy.com.pl\/wp-content\/uploads\/2017\/05\/mieszko1-cz1-191x300.jpg 191w, http:\/\/piekarscy.com.pl\/wp-content\/uploads\/2017\/05\/mieszko1-cz1.jpg 576w\" sizes=\"auto, (max-width: 191px) 100vw, 191px\" \/><\/a><a href=\"http:\/\/piekarscy.com.pl\/wp-content\/uploads\/2017\/05\/Mieszko1-cz2.jpg\"><img loading=\"lazy\" decoding=\"async\" class=\"aligncenter size-medium wp-image-9228\" src=\"http:\/\/piekarscy.com.pl\/wp-content\/uploads\/2017\/05\/Mieszko1-cz2-221x300.jpg\" alt=\"\" width=\"221\" height=\"300\" srcset=\"http:\/\/piekarscy.com.pl\/wp-content\/uploads\/2017\/05\/Mieszko1-cz2-221x300.jpg 221w, http:\/\/piekarscy.com.pl\/wp-content\/uploads\/2017\/05\/Mieszko1-cz2.jpg 756w, http:\/\/piekarscy.com.pl\/wp-content\/uploads\/2017\/05\/Mieszko1-cz2-624x845.jpg 624w\" sizes=\"auto, (max-width: 221px) 100vw, 221px\" \/><\/a><\/p>\n","protected":false},"excerpt":{"rendered":"<p>Zach\u0119cona powodzeniem wpisu o Adamie Poni\u0144skim, kt\u00f3rego pokrewie\u0144stwo odkry\u0142am dzi\u0119ki portalowi Wielcy.pl postanowi\u0142am zaprezentowa\u0107 poczet strasznych przodk\u00f3w, kt\u00f3rych poznanie umo\u017cliwi\u0142 mi ten portal. B\u0119d\u0119 w tych wpisach stara\u0142a si\u0119 podkre\u015bli\u0107 ich najstraszniejsze cechy. Wszystko dlatego, \u017ce zawsze chcemy\u00a0wyprze\u0107 si\u0119 z\u0142ych czyn\u00f3w naszych przodk\u00f3w, a ch\u0119tnie przypisujemy sobie ich zas\u0142ugi, cho\u0107 przecie\u017c ani jednych ani drugich [&hellip;]<\/p>\n","protected":false},"author":1,"featured_media":0,"comment_status":"closed","ping_status":"closed","sticky":false,"template":"","format":"standard","meta":{"footnotes":""},"categories":[1243,1244],"tags":[1245,1165],"class_list":["post-9242","post","type-post","status-publish","format-standard","hentry","category-englingerowie","category-rurykowicz","tag-jaroslaw-i-madry","tag-wielcy-pl"],"_links":{"self":[{"href":"http:\/\/piekarscy.com.pl\/index.php?rest_route=\/wp\/v2\/posts\/9242","targetHints":{"allow":["GET"]}}],"collection":[{"href":"http:\/\/piekarscy.com.pl\/index.php?rest_route=\/wp\/v2\/posts"}],"about":[{"href":"http:\/\/piekarscy.com.pl\/index.php?rest_route=\/wp\/v2\/types\/post"}],"author":[{"embeddable":true,"href":"http:\/\/piekarscy.com.pl\/index.php?rest_route=\/wp\/v2\/users\/1"}],"replies":[{"embeddable":true,"href":"http:\/\/piekarscy.com.pl\/index.php?rest_route=%2Fwp%2Fv2%2Fcomments&post=9242"}],"version-history":[{"count":5,"href":"http:\/\/piekarscy.com.pl\/index.php?rest_route=\/wp\/v2\/posts\/9242\/revisions"}],"predecessor-version":[{"id":9308,"href":"http:\/\/piekarscy.com.pl\/index.php?rest_route=\/wp\/v2\/posts\/9242\/revisions\/9308"}],"wp:attachment":[{"href":"http:\/\/piekarscy.com.pl\/index.php?rest_route=%2Fwp%2Fv2%2Fmedia&parent=9242"}],"wp:term":[{"taxonomy":"category","embeddable":true,"href":"http:\/\/piekarscy.com.pl\/index.php?rest_route=%2Fwp%2Fv2%2Fcategories&post=9242"},{"taxonomy":"post_tag","embeddable":true,"href":"http:\/\/piekarscy.com.pl\/index.php?rest_route=%2Fwp%2Fv2%2Ftags&post=9242"}],"curies":[{"name":"wp","href":"https:\/\/api.w.org\/{rel}","templated":true}]}}