{"id":9243,"date":"2017-06-04T10:12:02","date_gmt":"2017-06-04T10:12:02","guid":{"rendered":"http:\/\/piekarscy.com.pl\/?p=9243"},"modified":"2017-06-04T08:22:24","modified_gmt":"2017-06-04T08:22:24","slug":"38-razy-prababcia-astryda-obodrycka-czyli-poczet-strasznych-przodkow-cz-3","status":"publish","type":"post","link":"http:\/\/piekarscy.com.pl\/?p=9243","title":{"rendered":"38 razy prababcia Astryda Obodrycka, czyli poczet strasznych przodk\u00f3w cz. 3"},"content":{"rendered":"<p>Zach\u0119cona powodzeniem wpisu o <a href=\"http:\/\/piekarscy.com.pl\/?p=8987\" target=\"_blank\" rel=\"noopener noreferrer\">Adamie Poni\u0144skim<\/a>, kt\u00f3rego pokrewie\u0144stwo odkry\u0142am dzi\u0119ki portalowi Wielcy.pl postanowi\u0142am zaprezentowa\u0107 poczet strasznych przodk\u00f3w, kt\u00f3rych poznanie umo\u017cliwi\u0142 mi ten portal. B\u0119d\u0119 w tych wpisach stara\u0142a si\u0119 podkre\u015bli\u0107 ich najstraszniejsze cechy. Wszystko dlatego, \u017ce zawsze chcemy\u00a0wyprze\u0107 si\u0119 z\u0142ych czyn\u00f3w naszych przodk\u00f3w, a ch\u0119tnie przypisujemy sobie ich zas\u0142ugi, cho\u0107 przecie\u017c ani jednych ani drugich nie dziedziczymy. Tytu\u0142\u00f3w te\u017c ju\u017c nie.<\/p>\n<p>Oto cz\u0119\u015b\u0107 3.<\/p>\n<p>Astryda Obodrycka \u00a0(ur. ok. 979, zm. ok. 1035) &#8211; \u017cona Olafa kr\u00f3la Szwecji. Dok\u0142adny \u017cyciorys w <a href=\"https:\/\/pl.wikipedia.org\/wiki\/Astryda_obodrycka\" target=\"_blank\" rel=\"noopener noreferrer\">Wikipedii<\/a>:<\/p>\n<p><a href=\"http:\/\/piekarscy.com.pl\/wp-content\/uploads\/2017\/05\/Chess_queen_11th_century_photo_1905.jpg\"><img loading=\"lazy\" decoding=\"async\" class=\"aligncenter size-medium wp-image-9248\" src=\"http:\/\/piekarscy.com.pl\/wp-content\/uploads\/2017\/05\/Chess_queen_11th_century_photo_1905-206x300.jpg\" alt=\"\" width=\"206\" height=\"300\" srcset=\"http:\/\/piekarscy.com.pl\/wp-content\/uploads\/2017\/05\/Chess_queen_11th_century_photo_1905-206x300.jpg 206w, http:\/\/piekarscy.com.pl\/wp-content\/uploads\/2017\/05\/Chess_queen_11th_century_photo_1905.jpg 507w\" sizes=\"auto, (max-width: 206px) 100vw, 206px\" \/><\/a><\/p>\n<p>Na zdj\u0119ciu figurka szachowa podobno z jej wizerunkiem. Czy\u017cby?<\/p>\n<p>Historyk Snorri Sturluson napisa\u0142, \u017ce kr\u00f3lowa <strong>by\u0142a nie\u017cyczliwa<\/strong> w stosunku do dzieci swojego m\u0119\u017ca i Eldy (kochanki m\u0119\u017ca, kt\u00f3r\u0105 traktowa\u0142 na r\u00f3wni z ni\u0105): &#8222;Kr\u00f3lowa Astryda by\u0142a arogancka i niemi\u0142a w stosunku do swoich posierbi\u00f3w i dlatego kr\u00f3l wys\u0142a\u0142 swojego syna Emunda na Pomorze, gdzie by\u0142 wychowywany przez krewnych swojej matki&#8221;.<\/p>\n<p>A tu ponownie drzewo wyja\u015bniaj\u0105ce pokrewie\u0144stwo. Drzewo w dw\u00f3ch cz\u0119\u015bciach, bo w jednej si\u0119 to nie mie\u015bci&#8230;<\/p>\n<p><a href=\"http:\/\/piekarscy.com.pl\/wp-content\/uploads\/2017\/05\/mieszko1-cz1.jpg\"><img loading=\"lazy\" decoding=\"async\" class=\"aligncenter size-medium wp-image-9229\" src=\"http:\/\/piekarscy.com.pl\/wp-content\/uploads\/2017\/05\/mieszko1-cz1-191x300.jpg\" alt=\"\" width=\"191\" height=\"300\" srcset=\"http:\/\/piekarscy.com.pl\/wp-content\/uploads\/2017\/05\/mieszko1-cz1-191x300.jpg 191w, http:\/\/piekarscy.com.pl\/wp-content\/uploads\/2017\/05\/mieszko1-cz1.jpg 576w\" sizes=\"auto, (max-width: 191px) 100vw, 191px\" \/><\/a><a href=\"http:\/\/piekarscy.com.pl\/wp-content\/uploads\/2017\/05\/Mieszko1-cz2.jpg\"><img loading=\"lazy\" decoding=\"async\" class=\"aligncenter size-medium wp-image-9228\" src=\"http:\/\/piekarscy.com.pl\/wp-content\/uploads\/2017\/05\/Mieszko1-cz2-221x300.jpg\" alt=\"\" width=\"221\" height=\"300\" srcset=\"http:\/\/piekarscy.com.pl\/wp-content\/uploads\/2017\/05\/Mieszko1-cz2-221x300.jpg 221w, http:\/\/piekarscy.com.pl\/wp-content\/uploads\/2017\/05\/Mieszko1-cz2.jpg 756w, http:\/\/piekarscy.com.pl\/wp-content\/uploads\/2017\/05\/Mieszko1-cz2-624x845.jpg 624w\" sizes=\"auto, (max-width: 221px) 100vw, 221px\" \/><\/a><\/p>\n","protected":false},"excerpt":{"rendered":"<p>Zach\u0119cona powodzeniem wpisu o Adamie Poni\u0144skim, kt\u00f3rego pokrewie\u0144stwo odkry\u0142am dzi\u0119ki portalowi Wielcy.pl postanowi\u0142am zaprezentowa\u0107 poczet strasznych przodk\u00f3w, kt\u00f3rych poznanie umo\u017cliwi\u0142 mi ten portal. B\u0119d\u0119 w tych wpisach stara\u0142a si\u0119 podkre\u015bli\u0107 ich najstraszniejsze cechy. Wszystko dlatego, \u017ce zawsze chcemy\u00a0wyprze\u0107 si\u0119 z\u0142ych czyn\u00f3w naszych przodk\u00f3w, a ch\u0119tnie przypisujemy sobie ich zas\u0142ugi, cho\u0107 przecie\u017c ani jednych ani drugich [&hellip;]<\/p>\n","protected":false},"author":1,"featured_media":0,"comment_status":"closed","ping_status":"closed","sticky":false,"template":"","format":"standard","meta":{"footnotes":""},"categories":[1243],"tags":[1246,1165],"class_list":["post-9243","post","type-post","status-publish","format-standard","hentry","category-englingerowie","tag-astryda-obodrycka","tag-wielcy-pl"],"_links":{"self":[{"href":"http:\/\/piekarscy.com.pl\/index.php?rest_route=\/wp\/v2\/posts\/9243","targetHints":{"allow":["GET"]}}],"collection":[{"href":"http:\/\/piekarscy.com.pl\/index.php?rest_route=\/wp\/v2\/posts"}],"about":[{"href":"http:\/\/piekarscy.com.pl\/index.php?rest_route=\/wp\/v2\/types\/post"}],"author":[{"embeddable":true,"href":"http:\/\/piekarscy.com.pl\/index.php?rest_route=\/wp\/v2\/users\/1"}],"replies":[{"embeddable":true,"href":"http:\/\/piekarscy.com.pl\/index.php?rest_route=%2Fwp%2Fv2%2Fcomments&post=9243"}],"version-history":[{"count":4,"href":"http:\/\/piekarscy.com.pl\/index.php?rest_route=\/wp\/v2\/posts\/9243\/revisions"}],"predecessor-version":[{"id":9307,"href":"http:\/\/piekarscy.com.pl\/index.php?rest_route=\/wp\/v2\/posts\/9243\/revisions\/9307"}],"wp:attachment":[{"href":"http:\/\/piekarscy.com.pl\/index.php?rest_route=%2Fwp%2Fv2%2Fmedia&parent=9243"}],"wp:term":[{"taxonomy":"category","embeddable":true,"href":"http:\/\/piekarscy.com.pl\/index.php?rest_route=%2Fwp%2Fv2%2Fcategories&post=9243"},{"taxonomy":"post_tag","embeddable":true,"href":"http:\/\/piekarscy.com.pl\/index.php?rest_route=%2Fwp%2Fv2%2Ftags&post=9243"}],"curies":[{"name":"wp","href":"https:\/\/api.w.org\/{rel}","templated":true}]}}