{"id":9256,"date":"2017-06-07T07:40:17","date_gmt":"2017-06-07T07:40:17","guid":{"rendered":"http:\/\/piekarscy.com.pl\/?p=9256"},"modified":"2017-06-04T08:22:46","modified_gmt":"2017-06-04T08:22:46","slug":"27-razy-pradziadek-przemysl-ottokar-i-czyli-poczet-strasznych-przodkow-cz-6","status":"publish","type":"post","link":"http:\/\/piekarscy.com.pl\/?p=9256","title":{"rendered":"27 razy pradziadek Przemys\u0142 Ottokar I, czyli poczet strasznych przodk\u00f3w cz. 6"},"content":{"rendered":"<p>Zach\u0119cona powodzeniem wpisu o <a href=\"http:\/\/piekarscy.com.pl\/?p=8987\" target=\"_blank\" rel=\"noopener noreferrer\">Adamie Poni\u0144skim<\/a>, kt\u00f3rego pokrewie\u0144stwo odkry\u0142am dzi\u0119ki portalowi Wielcy.pl postanowi\u0142am zaprezentowa\u0107 poczet strasznych przodk\u00f3w, kt\u00f3rych poznanie umo\u017cliwi\u0142 mi ten portal. B\u0119d\u0119 w tych wpisach stara\u0142a si\u0119 podkre\u015bli\u0107 ich najstraszniejsze cechy. Wszystko dlatego, \u017ce zawsze chcemy\u00a0wyprze\u0107 si\u0119 z\u0142ych czyn\u00f3w naszych przodk\u00f3w, a ch\u0119tnie przypisujemy sobie ich zas\u0142ugi, cho\u0107 przecie\u017c ani jednych ani drugich nie dziedziczymy. Tytu\u0142\u00f3w te\u017c ju\u017c nie.<\/p>\n<p>Oto cz\u0119\u015b\u0107 6.<\/p>\n<p>Przemys\u0142 Ottokar I (ur. ok. 1155, zm. 15 grudnia 1230 w Pradze) \u2013 ksi\u0105\u017c\u0119 Czech w latach 1192-1193 i 1197-1198, kr\u00f3l w latach 1198-1230 z dynastii Przemy\u015blid\u00f3w. Syn kr\u00f3la Czech W\u0142adys\u0142awa II Przemy\u015blidy i Judyty, c\u00f3rki landgrafa Turyngii Ludwika I. Wi\u0119cej w <a href=\"https:\/\/pl.wikipedia.org\/wiki\/Przemys%C5%82_Ottokar_I\" target=\"_blank\" rel=\"noopener noreferrer\">Wikipedii<\/a>.<\/p>\n<p><a href=\"http:\/\/piekarscy.com.pl\/wp-content\/uploads\/2017\/05\/Po1_postava.jpg\"><img loading=\"lazy\" decoding=\"async\" class=\"aligncenter size-medium wp-image-9257\" src=\"http:\/\/piekarscy.com.pl\/wp-content\/uploads\/2017\/05\/Po1_postava-277x300.jpg\" alt=\"\" width=\"277\" height=\"300\" srcset=\"http:\/\/piekarscy.com.pl\/wp-content\/uploads\/2017\/05\/Po1_postava-277x300.jpg 277w, http:\/\/piekarscy.com.pl\/wp-content\/uploads\/2017\/05\/Po1_postava.jpg 600w\" sizes=\"auto, (max-width: 277px) 100vw, 277px\" \/><\/a><\/p>\n<p>Ten cz\u0142owiek <strong>wydziedziczy\u0142<\/strong> pierworodnego syna Wratys\u0142awa, by nast\u0119pc\u0105 tronu m\u00f3g\u0142 zosta\u0107 syn Wac\u0142aw, kt\u00f3ry pochodzi\u0142 z drugiego ma\u0142\u017ce\u0144stwa.<\/p>\n<p>A tu drzewo wyja\u015bniaj\u0105ce pokrewie\u0144stwo. Drzewo w dw\u00f3ch cz\u0119\u015bciach, bo w jednej si\u0119 to nie mie\u015bci&#8230;<\/p>\n<p><a href=\"http:\/\/piekarscy.com.pl\/wp-content\/uploads\/2017\/05\/przemyslidzi-1.jpg\"><img loading=\"lazy\" decoding=\"async\" class=\"aligncenter size-medium wp-image-9258\" src=\"http:\/\/piekarscy.com.pl\/wp-content\/uploads\/2017\/05\/przemyslidzi-1-300x270.jpg\" alt=\"\" width=\"300\" height=\"270\" srcset=\"http:\/\/piekarscy.com.pl\/wp-content\/uploads\/2017\/05\/przemyslidzi-1-300x270.jpg 300w, http:\/\/piekarscy.com.pl\/wp-content\/uploads\/2017\/05\/przemyslidzi-1-624x562.jpg 624w, http:\/\/piekarscy.com.pl\/wp-content\/uploads\/2017\/05\/przemyslidzi-1.jpg 861w\" sizes=\"auto, (max-width: 300px) 100vw, 300px\" \/><\/a> <a href=\"http:\/\/piekarscy.com.pl\/wp-content\/uploads\/2017\/05\/przemyslidzi-2.jpg\"><img loading=\"lazy\" decoding=\"async\" class=\"aligncenter size-medium wp-image-9259\" src=\"http:\/\/piekarscy.com.pl\/wp-content\/uploads\/2017\/05\/przemyslidzi-2-289x300.jpg\" alt=\"\" width=\"289\" height=\"300\" srcset=\"http:\/\/piekarscy.com.pl\/wp-content\/uploads\/2017\/05\/przemyslidzi-2-289x300.jpg 289w, http:\/\/piekarscy.com.pl\/wp-content\/uploads\/2017\/05\/przemyslidzi-2.jpg 596w\" sizes=\"auto, (max-width: 289px) 100vw, 289px\" \/><\/a><\/p>\n","protected":false},"excerpt":{"rendered":"<p>Zach\u0119cona powodzeniem wpisu o Adamie Poni\u0144skim, kt\u00f3rego pokrewie\u0144stwo odkry\u0142am dzi\u0119ki portalowi Wielcy.pl postanowi\u0142am zaprezentowa\u0107 poczet strasznych przodk\u00f3w, kt\u00f3rych poznanie umo\u017cliwi\u0142 mi ten portal. B\u0119d\u0119 w tych wpisach stara\u0142a si\u0119 podkre\u015bli\u0107 ich najstraszniejsze cechy. Wszystko dlatego, \u017ce zawsze chcemy\u00a0wyprze\u0107 si\u0119 z\u0142ych czyn\u00f3w naszych przodk\u00f3w, a ch\u0119tnie przypisujemy sobie ich zas\u0142ugi, cho\u0107 przecie\u017c ani jednych ani drugich [&hellip;]<\/p>\n","protected":false},"author":1,"featured_media":0,"comment_status":"closed","ping_status":"closed","sticky":false,"template":"","format":"standard","meta":{"footnotes":""},"categories":[1249],"tags":[1250,1165],"class_list":["post-9256","post","type-post","status-publish","format-standard","hentry","category-przemyslida","tag-przemysl-ottokar-i","tag-wielcy-pl"],"_links":{"self":[{"href":"http:\/\/piekarscy.com.pl\/index.php?rest_route=\/wp\/v2\/posts\/9256","targetHints":{"allow":["GET"]}}],"collection":[{"href":"http:\/\/piekarscy.com.pl\/index.php?rest_route=\/wp\/v2\/posts"}],"about":[{"href":"http:\/\/piekarscy.com.pl\/index.php?rest_route=\/wp\/v2\/types\/post"}],"author":[{"embeddable":true,"href":"http:\/\/piekarscy.com.pl\/index.php?rest_route=\/wp\/v2\/users\/1"}],"replies":[{"embeddable":true,"href":"http:\/\/piekarscy.com.pl\/index.php?rest_route=%2Fwp%2Fv2%2Fcomments&post=9256"}],"version-history":[{"count":3,"href":"http:\/\/piekarscy.com.pl\/index.php?rest_route=\/wp\/v2\/posts\/9256\/revisions"}],"predecessor-version":[{"id":9310,"href":"http:\/\/piekarscy.com.pl\/index.php?rest_route=\/wp\/v2\/posts\/9256\/revisions\/9310"}],"wp:attachment":[{"href":"http:\/\/piekarscy.com.pl\/index.php?rest_route=%2Fwp%2Fv2%2Fmedia&parent=9256"}],"wp:term":[{"taxonomy":"category","embeddable":true,"href":"http:\/\/piekarscy.com.pl\/index.php?rest_route=%2Fwp%2Fv2%2Fcategories&post=9256"},{"taxonomy":"post_tag","embeddable":true,"href":"http:\/\/piekarscy.com.pl\/index.php?rest_route=%2Fwp%2Fv2%2Ftags&post=9256"}],"curies":[{"name":"wp","href":"https:\/\/api.w.org\/{rel}","templated":true}]}}