{"id":9261,"date":"2017-06-08T07:58:08","date_gmt":"2017-06-08T07:58:08","guid":{"rendered":"http:\/\/piekarscy.com.pl\/?p=9261"},"modified":"2017-06-04T08:22:51","modified_gmt":"2017-06-04T08:22:51","slug":"26-razy-pradziadek-waclaw-i-czyli-poczet-strasznych-przodkow-cz-7","status":"publish","type":"post","link":"http:\/\/piekarscy.com.pl\/?p=9261","title":{"rendered":"26 razy pradziadek Wac\u0142aw I, czyli poczet strasznych przodk\u00f3w cz. 7"},"content":{"rendered":"<p>Zach\u0119cona powodzeniem wpisu o <a href=\"http:\/\/piekarscy.com.pl\/?p=8987\" target=\"_blank\" rel=\"noopener noreferrer\">Adamie Poni\u0144skim<\/a>, kt\u00f3rego pokrewie\u0144stwo odkry\u0142am dzi\u0119ki portalowi Wielcy.pl postanowi\u0142am zaprezentowa\u0107 poczet strasznych przodk\u00f3w, kt\u00f3rych poznanie umo\u017cliwi\u0142 mi ten portal. B\u0119d\u0119 w tych wpisach stara\u0142a si\u0119 podkre\u015bli\u0107 ich najstraszniejsze cechy. Wszystko dlatego, \u017ce zawsze chcemy\u00a0wyprze\u0107 si\u0119 z\u0142ych czyn\u00f3w naszych przodk\u00f3w, a ch\u0119tnie przypisujemy sobie ich zas\u0142ugi, cho\u0107 przecie\u017c ani jednych ani drugich nie dziedziczymy. Tytu\u0142\u00f3w te\u017c ju\u017c nie.<\/p>\n<p>Oto cz\u0119\u015b\u0107 7.<\/p>\n<p>Wac\u0142aw I zwany Jednookim (ur. 1205; zm. 22 wrze\u015bnia 1253 w Po\u010daplach, dzi\u015b cz\u0119\u015b\u0107 miasta Kr\u00e1l\u016fv Dv\u016fr) \u2013 kr\u00f3l Czech w latach 1230\u20131253.Wi\u0119cej w <a href=\"https:\/\/pl.wikipedia.org\/wiki\/Wac%C5%82aw_I_Przemy%C5%9Blida\" target=\"_blank\" rel=\"noopener noreferrer\">Wikipedii<\/a>.<\/p>\n<p><a href=\"http:\/\/piekarscy.com.pl\/wp-content\/uploads\/2017\/05\/800px-VaclavGelnhausenovekodexu.jpg\"><img loading=\"lazy\" decoding=\"async\" class=\"aligncenter size-medium wp-image-9268\" src=\"http:\/\/piekarscy.com.pl\/wp-content\/uploads\/2017\/05\/800px-VaclavGelnhausenovekodexu-200x300.jpg\" alt=\"\" width=\"200\" height=\"300\" srcset=\"http:\/\/piekarscy.com.pl\/wp-content\/uploads\/2017\/05\/800px-VaclavGelnhausenovekodexu-200x300.jpg 200w, http:\/\/piekarscy.com.pl\/wp-content\/uploads\/2017\/05\/800px-VaclavGelnhausenovekodexu-683x1024.jpg 683w, http:\/\/piekarscy.com.pl\/wp-content\/uploads\/2017\/05\/800px-VaclavGelnhausenovekodexu-624x936.jpg 624w, http:\/\/piekarscy.com.pl\/wp-content\/uploads\/2017\/05\/800px-VaclavGelnhausenovekodexu.jpg 800w\" sizes=\"auto, (max-width: 200px) 100vw, 200px\" \/><\/a><\/p>\n<p>Ten 26 razy pradziadek <strong>cierpia\u0142 na r\u00f3\u017cne zaburzenia<\/strong>. Nie znosi\u0142 bicia dzwon\u00f3w i nie m\u00f3g\u0142 usn\u0105\u0107 w pobli\u017cu z\u0142ota. (sic!) We wrze\u015bniu 1249 wezwa\u0142 syna Przemys\u0142awa wraz z jego zaufanymi na zamek T\u00fd\u0159ov i <strong>wszystkich kaza\u0142 uwi\u0119zi\u0107<\/strong>.<\/p>\n<p>A tu ponownie drzewo wyja\u015bniaj\u0105ce pokrewie\u0144stwo. Drzewo w dw\u00f3ch cz\u0119\u015bciach, bo w jednej si\u0119 to nie mie\u015bci&#8230;<\/p>\n<p><a href=\"http:\/\/piekarscy.com.pl\/wp-content\/uploads\/2017\/05\/przemyslidzi-1.jpg\"><img loading=\"lazy\" decoding=\"async\" class=\"aligncenter size-medium wp-image-9258\" src=\"http:\/\/piekarscy.com.pl\/wp-content\/uploads\/2017\/05\/przemyslidzi-1-300x270.jpg\" alt=\"\" width=\"300\" height=\"270\" srcset=\"http:\/\/piekarscy.com.pl\/wp-content\/uploads\/2017\/05\/przemyslidzi-1-300x270.jpg 300w, http:\/\/piekarscy.com.pl\/wp-content\/uploads\/2017\/05\/przemyslidzi-1-624x562.jpg 624w, http:\/\/piekarscy.com.pl\/wp-content\/uploads\/2017\/05\/przemyslidzi-1.jpg 861w\" sizes=\"auto, (max-width: 300px) 100vw, 300px\" \/><\/a><a href=\"http:\/\/piekarscy.com.pl\/wp-content\/uploads\/2017\/05\/przemyslidzi-2.jpg\"><img loading=\"lazy\" decoding=\"async\" class=\"aligncenter size-medium wp-image-9259\" src=\"http:\/\/piekarscy.com.pl\/wp-content\/uploads\/2017\/05\/przemyslidzi-2-289x300.jpg\" alt=\"\" width=\"289\" height=\"300\" srcset=\"http:\/\/piekarscy.com.pl\/wp-content\/uploads\/2017\/05\/przemyslidzi-2-289x300.jpg 289w, http:\/\/piekarscy.com.pl\/wp-content\/uploads\/2017\/05\/przemyslidzi-2.jpg 596w\" sizes=\"auto, (max-width: 289px) 100vw, 289px\" \/><\/a><\/p>\n","protected":false},"excerpt":{"rendered":"<p>Zach\u0119cona powodzeniem wpisu o Adamie Poni\u0144skim, kt\u00f3rego pokrewie\u0144stwo odkry\u0142am dzi\u0119ki portalowi Wielcy.pl postanowi\u0142am zaprezentowa\u0107 poczet strasznych przodk\u00f3w, kt\u00f3rych poznanie umo\u017cliwi\u0142 mi ten portal. B\u0119d\u0119 w tych wpisach stara\u0142a si\u0119 podkre\u015bli\u0107 ich najstraszniejsze cechy. Wszystko dlatego, \u017ce zawsze chcemy\u00a0wyprze\u0107 si\u0119 z\u0142ych czyn\u00f3w naszych przodk\u00f3w, a ch\u0119tnie przypisujemy sobie ich zas\u0142ugi, cho\u0107 przecie\u017c ani jednych ani drugich [&hellip;]<\/p>\n","protected":false},"author":1,"featured_media":0,"comment_status":"closed","ping_status":"closed","sticky":false,"template":"","format":"standard","meta":{"footnotes":""},"categories":[1249],"tags":[1251,1252,1165],"class_list":["post-9261","post","type-post","status-publish","format-standard","hentry","category-przemyslida","tag-waclaw-i","tag-waclaw-jednooki","tag-wielcy-pl"],"_links":{"self":[{"href":"http:\/\/piekarscy.com.pl\/index.php?rest_route=\/wp\/v2\/posts\/9261","targetHints":{"allow":["GET"]}}],"collection":[{"href":"http:\/\/piekarscy.com.pl\/index.php?rest_route=\/wp\/v2\/posts"}],"about":[{"href":"http:\/\/piekarscy.com.pl\/index.php?rest_route=\/wp\/v2\/types\/post"}],"author":[{"embeddable":true,"href":"http:\/\/piekarscy.com.pl\/index.php?rest_route=\/wp\/v2\/users\/1"}],"replies":[{"embeddable":true,"href":"http:\/\/piekarscy.com.pl\/index.php?rest_route=%2Fwp%2Fv2%2Fcomments&post=9261"}],"version-history":[{"count":3,"href":"http:\/\/piekarscy.com.pl\/index.php?rest_route=\/wp\/v2\/posts\/9261\/revisions"}],"predecessor-version":[{"id":9311,"href":"http:\/\/piekarscy.com.pl\/index.php?rest_route=\/wp\/v2\/posts\/9261\/revisions\/9311"}],"wp:attachment":[{"href":"http:\/\/piekarscy.com.pl\/index.php?rest_route=%2Fwp%2Fv2%2Fmedia&parent=9261"}],"wp:term":[{"taxonomy":"category","embeddable":true,"href":"http:\/\/piekarscy.com.pl\/index.php?rest_route=%2Fwp%2Fv2%2Fcategories&post=9261"},{"taxonomy":"post_tag","embeddable":true,"href":"http:\/\/piekarscy.com.pl\/index.php?rest_route=%2Fwp%2Fv2%2Ftags&post=9261"}],"curies":[{"name":"wp","href":"https:\/\/api.w.org\/{rel}","templated":true}]}}