{"id":9271,"date":"2017-06-09T07:07:43","date_gmt":"2017-06-09T07:07:43","guid":{"rendered":"http:\/\/piekarscy.com.pl\/?p=9271"},"modified":"2017-06-04T08:23:01","modified_gmt":"2017-06-04T08:23:01","slug":"21-pradziadek-henryk-v-zelazny-czyli-poczet-strasznych-przodkow-cz-8","status":"publish","type":"post","link":"http:\/\/piekarscy.com.pl\/?p=9271","title":{"rendered":"21 pradziadek Henryk V \u017belazny, czyli poczet strasznych przodk\u00f3w cz. 8"},"content":{"rendered":"<p>Zach\u0119cona powodzeniem wpisu o <a href=\"http:\/\/piekarscy.com.pl\/?p=8987\" target=\"_blank\" rel=\"noopener noreferrer\">Adamie Poni\u0144skim<\/a>, kt\u00f3rego pokrewie\u0144stwo odkry\u0142am dzi\u0119ki portalowi Wielcy.pl postanowi\u0142am zaprezentowa\u0107 poczet strasznych przodk\u00f3w, kt\u00f3rych poznanie umo\u017cliwi\u0142 mi ten portal. B\u0119d\u0119 w tych wpisach stara\u0142a si\u0119 podkre\u015bli\u0107 ich najstraszniejsze cechy. Wszystko dlatego, \u017ce zawsze chcemy\u00a0wyprze\u0107 si\u0119 z\u0142ych czyn\u00f3w naszych przodk\u00f3w, a ch\u0119tnie przypisujemy sobie ich zas\u0142ugi, cho\u0107 przecie\u017c ani jednych ani drugich nie dziedziczymy. Tytu\u0142\u00f3w te\u017c ju\u017c nie.<\/p>\n<p>Oto cz\u0119\u015b\u0107 8.<\/p>\n<p>Henryk V \u017belazny (ur. mi\u0119dzy 1312 a 1321 \u2013 zm. 13 kwietnia 1369), ksi\u0105\u017c\u0119 \u017caga\u0144ski, dziedziczny lennik czeski, od 1349 na po\u0142owie G\u0142ogowa, od 1363 na po\u0142owie \u015acinawy. By\u0142 jedynym synem ksi\u0119cia \u017caga\u0144skiego Henryka IV Wiernego i Matyldy Brandenburskiej. Wi\u0119cej w <a href=\"https:\/\/pl.wikipedia.org\/wiki\/Henryk_V_%C5%BBelazny\" target=\"_blank\" rel=\"noopener noreferrer\">Wikipedii<\/a>.<\/p>\n<p><a href=\"http:\/\/piekarscy.com.pl\/wp-content\/uploads\/2017\/05\/Henry_V_of_Iron.jpg\"><img loading=\"lazy\" decoding=\"async\" class=\"aligncenter size-medium wp-image-9272\" src=\"http:\/\/piekarscy.com.pl\/wp-content\/uploads\/2017\/05\/Henry_V_of_Iron-250x300.jpg\" alt=\"\" width=\"250\" height=\"300\" srcset=\"http:\/\/piekarscy.com.pl\/wp-content\/uploads\/2017\/05\/Henry_V_of_Iron-250x300.jpg 250w, http:\/\/piekarscy.com.pl\/wp-content\/uploads\/2017\/05\/Henry_V_of_Iron-624x750.jpg 624w, http:\/\/piekarscy.com.pl\/wp-content\/uploads\/2017\/05\/Henry_V_of_Iron.jpg 666w\" sizes=\"auto, (max-width: 250px) 100vw, 250px\" \/><\/a><\/p>\n<p>Bezwzgl\u0119dny st\u0105d przydomek \u017belazny.\u00a0Odznacza\u0142a go<strong> nadmierna surowo\u015b\u0107<\/strong> w kontaktach z poddanymi. <strong>Nie liczy\u0142 si\u0119 ani z ko\u015bcio\u0142em, ani ze szlacht\u0105<\/strong>. Szczeg\u00f3lnie by\u0142 k\u0142opotliwy dla zakonu augustian\u00f3w z \u017bagania, z kt\u00f3rymi <strong>toczy\u0142 ci\u0105g\u0142e spory<\/strong>. R\u00f3\u017cne ekscesy i wybryki doprowadzi\u0142y do furii jego wasali, kt\u00f3rzy go porwali i uwi\u0119zili w podziemiach ko\u015bcio\u0142a \u015bw. Jakuba w G\u0142ogowie. Tylko przypadkowi Henryk V \u017belazny zawdzi\u0119cza uwolnienie.<\/p>\n<p>A tu ponownie drzewo wyja\u015bniaj\u0105ce pokrewie\u0144stwo. Drzewo w dw\u00f3ch cz\u0119\u015bciach, bo w jednej si\u0119 to nie mie\u015bci&#8230;<\/p>\n<p><a href=\"http:\/\/piekarscy.com.pl\/wp-content\/uploads\/2017\/05\/przemyslidzi-1.jpg\"><img loading=\"lazy\" decoding=\"async\" class=\"aligncenter size-medium wp-image-9258\" src=\"http:\/\/piekarscy.com.pl\/wp-content\/uploads\/2017\/05\/przemyslidzi-1-300x270.jpg\" alt=\"\" width=\"300\" height=\"270\" srcset=\"http:\/\/piekarscy.com.pl\/wp-content\/uploads\/2017\/05\/przemyslidzi-1-300x270.jpg 300w, http:\/\/piekarscy.com.pl\/wp-content\/uploads\/2017\/05\/przemyslidzi-1-624x562.jpg 624w, http:\/\/piekarscy.com.pl\/wp-content\/uploads\/2017\/05\/przemyslidzi-1.jpg 861w\" sizes=\"auto, (max-width: 300px) 100vw, 300px\" \/><\/a><a href=\"http:\/\/piekarscy.com.pl\/wp-content\/uploads\/2017\/05\/przemyslidzi-2.jpg\"><img loading=\"lazy\" decoding=\"async\" class=\"aligncenter size-medium wp-image-9259\" src=\"http:\/\/piekarscy.com.pl\/wp-content\/uploads\/2017\/05\/przemyslidzi-2-289x300.jpg\" alt=\"\" width=\"289\" height=\"300\" srcset=\"http:\/\/piekarscy.com.pl\/wp-content\/uploads\/2017\/05\/przemyslidzi-2-289x300.jpg 289w, http:\/\/piekarscy.com.pl\/wp-content\/uploads\/2017\/05\/przemyslidzi-2.jpg 596w\" sizes=\"auto, (max-width: 289px) 100vw, 289px\" \/><\/a><\/p>\n","protected":false},"excerpt":{"rendered":"<p>Zach\u0119cona powodzeniem wpisu o Adamie Poni\u0144skim, kt\u00f3rego pokrewie\u0144stwo odkry\u0142am dzi\u0119ki portalowi Wielcy.pl postanowi\u0142am zaprezentowa\u0107 poczet strasznych przodk\u00f3w, kt\u00f3rych poznanie umo\u017cliwi\u0142 mi ten portal. B\u0119d\u0119 w tych wpisach stara\u0142a si\u0119 podkre\u015bli\u0107 ich najstraszniejsze cechy. Wszystko dlatego, \u017ce zawsze chcemy\u00a0wyprze\u0107 si\u0119 z\u0142ych czyn\u00f3w naszych przodk\u00f3w, a ch\u0119tnie przypisujemy sobie ich zas\u0142ugi, cho\u0107 przecie\u017c ani jednych ani drugich [&hellip;]<\/p>\n","protected":false},"author":1,"featured_media":0,"comment_status":"closed","ping_status":"closed","sticky":false,"template":"","format":"standard","meta":{"footnotes":""},"categories":[1253],"tags":[1254,1165],"class_list":["post-9271","post","type-post","status-publish","format-standard","hentry","category-piast-slaski","tag-henryk-v-zelazny","tag-wielcy-pl"],"_links":{"self":[{"href":"http:\/\/piekarscy.com.pl\/index.php?rest_route=\/wp\/v2\/posts\/9271","targetHints":{"allow":["GET"]}}],"collection":[{"href":"http:\/\/piekarscy.com.pl\/index.php?rest_route=\/wp\/v2\/posts"}],"about":[{"href":"http:\/\/piekarscy.com.pl\/index.php?rest_route=\/wp\/v2\/types\/post"}],"author":[{"embeddable":true,"href":"http:\/\/piekarscy.com.pl\/index.php?rest_route=\/wp\/v2\/users\/1"}],"replies":[{"embeddable":true,"href":"http:\/\/piekarscy.com.pl\/index.php?rest_route=%2Fwp%2Fv2%2Fcomments&post=9271"}],"version-history":[{"count":2,"href":"http:\/\/piekarscy.com.pl\/index.php?rest_route=\/wp\/v2\/posts\/9271\/revisions"}],"predecessor-version":[{"id":9312,"href":"http:\/\/piekarscy.com.pl\/index.php?rest_route=\/wp\/v2\/posts\/9271\/revisions\/9312"}],"wp:attachment":[{"href":"http:\/\/piekarscy.com.pl\/index.php?rest_route=%2Fwp%2Fv2%2Fmedia&parent=9271"}],"wp:term":[{"taxonomy":"category","embeddable":true,"href":"http:\/\/piekarscy.com.pl\/index.php?rest_route=%2Fwp%2Fv2%2Fcategories&post=9271"},{"taxonomy":"post_tag","embeddable":true,"href":"http:\/\/piekarscy.com.pl\/index.php?rest_route=%2Fwp%2Fv2%2Ftags&post=9271"}],"curies":[{"name":"wp","href":"https:\/\/api.w.org\/{rel}","templated":true}]}}