{"id":9274,"date":"2017-06-10T07:21:58","date_gmt":"2017-06-10T07:21:58","guid":{"rendered":"http:\/\/piekarscy.com.pl\/?p=9274"},"modified":"2017-06-04T08:23:06","modified_gmt":"2017-06-04T08:23:06","slug":"19-razy-pradziadek-jan-ii-zelazny-czyli-poczet-strasznych-przodkow-cz-9","status":"publish","type":"post","link":"http:\/\/piekarscy.com.pl\/?p=9274","title":{"rendered":"19 razy pradziadek Jan II \u017belazny, czyli poczet strasznych przodk\u00f3w cz. 9"},"content":{"rendered":"<p>Zach\u0119cona powodzeniem wpisu o <a href=\"http:\/\/piekarscy.com.pl\/?p=8987\" target=\"_blank\" rel=\"noopener noreferrer\">Adamie Poni\u0144skim<\/a>, kt\u00f3rego pokrewie\u0144stwo odkry\u0142am dzi\u0119ki portalowi Wielcy.pl postanowi\u0142am zaprezentowa\u0107 poczet strasznych przodk\u00f3w, kt\u00f3rych poznanie umo\u017cliwi\u0142 mi ten portal. B\u0119d\u0119 w tych wpisach stara\u0142a si\u0119 podkre\u015bli\u0107 ich najstraszniejsze cechy. Wszystko dlatego, \u017ce zawsze chcemy\u00a0wyprze\u0107 si\u0119 z\u0142ych czyn\u00f3w naszych przodk\u00f3w, a ch\u0119tnie przypisujemy sobie ich zas\u0142ugi, cho\u0107 przecie\u017c ani jednych ani drugich nie dziedziczymy. Tytu\u0142\u00f3w te\u017c ju\u017c nie.<\/p>\n<p>Oto cz\u0119\u015b\u0107 9.<\/p>\n<p>Jan II \u017belazny (ur. ok. 1365, zm. 1424) \u2013 ksi\u0105\u017c\u0119 raciborski w latach 1380\/1382\u20131424, w latach 1385\u20131392 zastawi\u0142 Karni\u00f3w ksi\u0105\u017c\u0119tom opolskim, do 1385 i od 1405\/1407 w Bruntalu, od 1396 w Pszczynie i Miko\u0142owie. Wi\u0119cej w <a href=\"https:\/\/pl.wikipedia.org\/wiki\/Jan_II_%C5%BBelazny\" target=\"_blank\" rel=\"noopener noreferrer\">Wikipedii<\/a>.<\/p>\n<p>Wizerunku nigdzie nie ma, ale&#8230; grzechy s\u0105.<\/p>\n<p>Po pierwsze <strong>mia\u0142 ci\u0105gle k\u0142opoty finansowe<\/strong> i zastawi\u0142 w swoim czasie ojcowizn\u0119. Po drugie&#8230; w\u00a01391 <strong>najecha\u0142 zbrojnie i z\u0142upi\u0142<\/strong> posiad\u0142o\u015bci biskupstwa krakowskiego w Ma\u0142opolsce. Po trzecie w\u00a01406, chc\u0105c nie dopu\u015bci\u0107 do trwa\u0142ego usadowienia si\u0119 Piast\u00f3w cieszy\u0144skich w O\u015bwi\u0119cimiu, <strong>sta\u0142 si\u0119 inicjatorem morderstwa<\/strong> najstarszego syna Przemys\u0142awa I Noszaka \u2013 r\u00f3wnie\u017c Przemys\u0142awa.<\/p>\n<p>A tu ponownie drzewo wyja\u015bniaj\u0105ce pokrewie\u0144stwo. Drzewo w dw\u00f3ch cz\u0119\u015bciach, bo w jednej si\u0119 to nie mie\u015bci&#8230;<\/p>\n<p><a href=\"http:\/\/piekarscy.com.pl\/wp-content\/uploads\/2017\/05\/przemyslidzi-1.jpg\"><img loading=\"lazy\" decoding=\"async\" class=\"aligncenter size-medium wp-image-9258\" src=\"http:\/\/piekarscy.com.pl\/wp-content\/uploads\/2017\/05\/przemyslidzi-1-300x270.jpg\" alt=\"\" width=\"300\" height=\"270\" srcset=\"http:\/\/piekarscy.com.pl\/wp-content\/uploads\/2017\/05\/przemyslidzi-1-300x270.jpg 300w, http:\/\/piekarscy.com.pl\/wp-content\/uploads\/2017\/05\/przemyslidzi-1-624x562.jpg 624w, http:\/\/piekarscy.com.pl\/wp-content\/uploads\/2017\/05\/przemyslidzi-1.jpg 861w\" sizes=\"auto, (max-width: 300px) 100vw, 300px\" \/><\/a><a href=\"http:\/\/piekarscy.com.pl\/wp-content\/uploads\/2017\/05\/przemyslidzi-2.jpg\"><img loading=\"lazy\" decoding=\"async\" class=\"aligncenter size-medium wp-image-9259\" src=\"http:\/\/piekarscy.com.pl\/wp-content\/uploads\/2017\/05\/przemyslidzi-2-289x300.jpg\" alt=\"\" width=\"289\" height=\"300\" srcset=\"http:\/\/piekarscy.com.pl\/wp-content\/uploads\/2017\/05\/przemyslidzi-2-289x300.jpg 289w, http:\/\/piekarscy.com.pl\/wp-content\/uploads\/2017\/05\/przemyslidzi-2.jpg 596w\" sizes=\"auto, (max-width: 289px) 100vw, 289px\" \/><\/a><\/p>\n","protected":false},"excerpt":{"rendered":"<p>Zach\u0119cona powodzeniem wpisu o Adamie Poni\u0144skim, kt\u00f3rego pokrewie\u0144stwo odkry\u0142am dzi\u0119ki portalowi Wielcy.pl postanowi\u0142am zaprezentowa\u0107 poczet strasznych przodk\u00f3w, kt\u00f3rych poznanie umo\u017cliwi\u0142 mi ten portal. B\u0119d\u0119 w tych wpisach stara\u0142a si\u0119 podkre\u015bli\u0107 ich najstraszniejsze cechy. Wszystko dlatego, \u017ce zawsze chcemy\u00a0wyprze\u0107 si\u0119 z\u0142ych czyn\u00f3w naszych przodk\u00f3w, a ch\u0119tnie przypisujemy sobie ich zas\u0142ugi, cho\u0107 przecie\u017c ani jednych ani drugich [&hellip;]<\/p>\n","protected":false},"author":1,"featured_media":0,"comment_status":"closed","ping_status":"closed","sticky":false,"template":"","format":"standard","meta":{"footnotes":""},"categories":[1249],"tags":[1255,1165],"class_list":["post-9274","post","type-post","status-publish","format-standard","hentry","category-przemyslida","tag-jan-ii-zelazny","tag-wielcy-pl"],"_links":{"self":[{"href":"http:\/\/piekarscy.com.pl\/index.php?rest_route=\/wp\/v2\/posts\/9274","targetHints":{"allow":["GET"]}}],"collection":[{"href":"http:\/\/piekarscy.com.pl\/index.php?rest_route=\/wp\/v2\/posts"}],"about":[{"href":"http:\/\/piekarscy.com.pl\/index.php?rest_route=\/wp\/v2\/types\/post"}],"author":[{"embeddable":true,"href":"http:\/\/piekarscy.com.pl\/index.php?rest_route=\/wp\/v2\/users\/1"}],"replies":[{"embeddable":true,"href":"http:\/\/piekarscy.com.pl\/index.php?rest_route=%2Fwp%2Fv2%2Fcomments&post=9274"}],"version-history":[{"count":4,"href":"http:\/\/piekarscy.com.pl\/index.php?rest_route=\/wp\/v2\/posts\/9274\/revisions"}],"predecessor-version":[{"id":9314,"href":"http:\/\/piekarscy.com.pl\/index.php?rest_route=\/wp\/v2\/posts\/9274\/revisions\/9314"}],"wp:attachment":[{"href":"http:\/\/piekarscy.com.pl\/index.php?rest_route=%2Fwp%2Fv2%2Fmedia&parent=9274"}],"wp:term":[{"taxonomy":"category","embeddable":true,"href":"http:\/\/piekarscy.com.pl\/index.php?rest_route=%2Fwp%2Fv2%2Fcategories&post=9274"},{"taxonomy":"post_tag","embeddable":true,"href":"http:\/\/piekarscy.com.pl\/index.php?rest_route=%2Fwp%2Fv2%2Ftags&post=9274"}],"curies":[{"name":"wp","href":"https:\/\/api.w.org\/{rel}","templated":true}]}}