{"id":9347,"date":"2017-06-15T04:56:43","date_gmt":"2017-06-15T04:56:43","guid":{"rendered":"http:\/\/piekarscy.com.pl\/?p=9347"},"modified":"2017-06-14T07:00:54","modified_gmt":"2017-06-14T07:00:54","slug":"wujkowe-swiadectwo-szkoly-artylerii","status":"publish","type":"post","link":"http:\/\/piekarscy.com.pl\/?p=9347","title":{"rendered":"Wujkowe \u015bwiadectwo szko\u0142y artylerii"},"content":{"rendered":"<p>Wuj Stefan Stec rodzony brat mojej mamy w czasie okupacji niemieckiej by\u0142 w zamojskiej partyzantce. Po wojnie, zanim UB si\u0119 zorientowa\u0142o ucz\u0119szcza\u0142 do pierwszej Oficerskiej Szko\u0142y Artylerii. Potem musia\u0142 ucieka\u0107 i ukrywa\u0107 si\u0119 przed bezpiek\u0105. Uciek\u0142 do Szczecina.<\/p>\n<p>Oto jego powojenne \u015bwiadectwo z pierwszej Oficerskiej Szko\u0142y Artylerii. Dokument jest w r\u0119kach jego wnuk\u00f3w.<\/p>\n<p><a href=\"http:\/\/piekarscy.com.pl\/wp-content\/uploads\/2017\/06\/Photo518681290246_inner_82-48-694-48-82-916-694-914_thumb2.jpg\"><img loading=\"lazy\" decoding=\"async\" class=\"aligncenter size-medium wp-image-9348\" src=\"http:\/\/piekarscy.com.pl\/wp-content\/uploads\/2017\/06\/Photo518681290246_inner_82-48-694-48-82-916-694-914_thumb2-212x300.jpg\" alt=\"\" width=\"212\" height=\"300\" srcset=\"http:\/\/piekarscy.com.pl\/wp-content\/uploads\/2017\/06\/Photo518681290246_inner_82-48-694-48-82-916-694-914_thumb2-212x300.jpg 212w, http:\/\/piekarscy.com.pl\/wp-content\/uploads\/2017\/06\/Photo518681290246_inner_82-48-694-48-82-916-694-914_thumb2.jpg 542w\" sizes=\"auto, (max-width: 212px) 100vw, 212px\" \/><\/a> <a href=\"http:\/\/piekarscy.com.pl\/wp-content\/uploads\/2017\/06\/Photo518681278654_inner_48-6-694-6-48-956-694-954_thumb2.jpg\"><img loading=\"lazy\" decoding=\"async\" class=\"aligncenter size-medium wp-image-9349\" src=\"http:\/\/piekarscy.com.pl\/wp-content\/uploads\/2017\/06\/Photo518681278654_inner_48-6-694-6-48-956-694-954_thumb2-204x300.jpg\" alt=\"\" width=\"204\" height=\"300\" srcset=\"http:\/\/piekarscy.com.pl\/wp-content\/uploads\/2017\/06\/Photo518681278654_inner_48-6-694-6-48-956-694-954_thumb2-204x300.jpg 204w, http:\/\/piekarscy.com.pl\/wp-content\/uploads\/2017\/06\/Photo518681278654_inner_48-6-694-6-48-956-694-954_thumb2.jpg 523w\" sizes=\"auto, (max-width: 204px) 100vw, 204px\" \/><\/a><\/p>\n","protected":false},"excerpt":{"rendered":"<p>Wuj Stefan Stec rodzony brat mojej mamy w czasie okupacji niemieckiej by\u0142 w zamojskiej partyzantce. Po wojnie, zanim UB si\u0119 zorientowa\u0142o ucz\u0119szcza\u0142 do pierwszej Oficerskiej Szko\u0142y Artylerii. Potem musia\u0142 ucieka\u0107 i ukrywa\u0107 si\u0119 przed bezpiek\u0105. Uciek\u0142 do Szczecina. Oto jego powojenne \u015bwiadectwo z pierwszej Oficerskiej Szko\u0142y Artylerii. Dokument jest w r\u0119kach jego wnuk\u00f3w.<\/p>\n","protected":false},"author":1,"featured_media":0,"comment_status":"closed","ping_status":"closed","sticky":false,"template":"","format":"standard","meta":{"footnotes":""},"categories":[12],"tags":[1259,133,444],"class_list":["post-9347","post","type-post","status-publish","format-standard","hentry","category-stec","tag-oficerska-szkola-artylerii","tag-stefan-stec","tag-swiadectwo"],"_links":{"self":[{"href":"http:\/\/piekarscy.com.pl\/index.php?rest_route=\/wp\/v2\/posts\/9347","targetHints":{"allow":["GET"]}}],"collection":[{"href":"http:\/\/piekarscy.com.pl\/index.php?rest_route=\/wp\/v2\/posts"}],"about":[{"href":"http:\/\/piekarscy.com.pl\/index.php?rest_route=\/wp\/v2\/types\/post"}],"author":[{"embeddable":true,"href":"http:\/\/piekarscy.com.pl\/index.php?rest_route=\/wp\/v2\/users\/1"}],"replies":[{"embeddable":true,"href":"http:\/\/piekarscy.com.pl\/index.php?rest_route=%2Fwp%2Fv2%2Fcomments&post=9347"}],"version-history":[{"count":1,"href":"http:\/\/piekarscy.com.pl\/index.php?rest_route=\/wp\/v2\/posts\/9347\/revisions"}],"predecessor-version":[{"id":9350,"href":"http:\/\/piekarscy.com.pl\/index.php?rest_route=\/wp\/v2\/posts\/9347\/revisions\/9350"}],"wp:attachment":[{"href":"http:\/\/piekarscy.com.pl\/index.php?rest_route=%2Fwp%2Fv2%2Fmedia&parent=9347"}],"wp:term":[{"taxonomy":"category","embeddable":true,"href":"http:\/\/piekarscy.com.pl\/index.php?rest_route=%2Fwp%2Fv2%2Fcategories&post=9347"},{"taxonomy":"post_tag","embeddable":true,"href":"http:\/\/piekarscy.com.pl\/index.php?rest_route=%2Fwp%2Fv2%2Ftags&post=9347"}],"curies":[{"name":"wp","href":"https:\/\/api.w.org\/{rel}","templated":true}]}}