{"id":9360,"date":"2017-06-18T04:14:28","date_gmt":"2017-06-18T04:14:28","guid":{"rendered":"http:\/\/piekarscy.com.pl\/?p=9360"},"modified":"2017-06-14T07:16:05","modified_gmt":"2017-06-14T07:16:05","slug":"drugie-swiadectwo-szkolne-cioci-berty","status":"publish","type":"post","link":"http:\/\/piekarscy.com.pl\/?p=9360","title":{"rendered":"Drugie \u015bwiadectwo szkolne cioci Berty"},"content":{"rendered":"<p>Oto drugie \u015bwiadectwo szkolne cioci Berty, \u017cony wujka Stefana &#8211; rodzonego brata mojej mamy &#8211; nie zachowa\u0142o si\u0119 w najlepszym stanie, ale uda\u0142o mi si\u0119 je sfotografowa\u0107. Jest w r\u0119kach wnuka. Wujek po wojnie uciek\u0142 do Szczecina przed poszukuj\u0105c\u0105 go bezpiek\u0105, zabieraj\u0105c ze sob\u0105 syna i \u017con\u0119 Bernard\u0119 z domu Momoci\u0144sk\u0105 zwan\u0105 w rodzinie Bert\u0105.<\/p>\n<p><a href=\"http:\/\/piekarscy.com.pl\/wp-content\/uploads\/2017\/06\/Photo518681451479_inner_86-6-664-6-86-990-664-990_thumb2.jpg\"><img loading=\"lazy\" decoding=\"async\" class=\"aligncenter size-medium wp-image-9361\" src=\"http:\/\/piekarscy.com.pl\/wp-content\/uploads\/2017\/06\/Photo518681451479_inner_86-6-664-6-86-990-664-990_thumb2-177x300.jpg\" alt=\"\" width=\"177\" height=\"300\" srcset=\"http:\/\/piekarscy.com.pl\/wp-content\/uploads\/2017\/06\/Photo518681451479_inner_86-6-664-6-86-990-664-990_thumb2-177x300.jpg 177w, http:\/\/piekarscy.com.pl\/wp-content\/uploads\/2017\/06\/Photo518681451479_inner_86-6-664-6-86-990-664-990_thumb2.jpg 452w\" sizes=\"auto, (max-width: 177px) 100vw, 177px\" \/><\/a><\/p>\n","protected":false},"excerpt":{"rendered":"<p>Oto drugie \u015bwiadectwo szkolne cioci Berty, \u017cony wujka Stefana &#8211; rodzonego brata mojej mamy &#8211; nie zachowa\u0142o si\u0119 w najlepszym stanie, ale uda\u0142o mi si\u0119 je sfotografowa\u0107. Jest w r\u0119kach wnuka. Wujek po wojnie uciek\u0142 do Szczecina przed poszukuj\u0105c\u0105 go bezpiek\u0105, zabieraj\u0105c ze sob\u0105 syna i \u017con\u0119 Bernard\u0119 z domu Momoci\u0144sk\u0105 zwan\u0105 w rodzinie Bert\u0105.<\/p>\n","protected":false},"author":1,"featured_media":0,"comment_status":"closed","ping_status":"closed","sticky":false,"template":"","format":"standard","meta":{"footnotes":""},"categories":[1262,12],"tags":[1263,1264,444,150],"class_list":["post-9360","post","type-post","status-publish","format-standard","hentry","category-momocinscy","category-stec","tag-bernarda-momocinska","tag-berta-momocinska","tag-swiadectwo","tag-swiadectwo-szkolne"],"_links":{"self":[{"href":"http:\/\/piekarscy.com.pl\/index.php?rest_route=\/wp\/v2\/posts\/9360","targetHints":{"allow":["GET"]}}],"collection":[{"href":"http:\/\/piekarscy.com.pl\/index.php?rest_route=\/wp\/v2\/posts"}],"about":[{"href":"http:\/\/piekarscy.com.pl\/index.php?rest_route=\/wp\/v2\/types\/post"}],"author":[{"embeddable":true,"href":"http:\/\/piekarscy.com.pl\/index.php?rest_route=\/wp\/v2\/users\/1"}],"replies":[{"embeddable":true,"href":"http:\/\/piekarscy.com.pl\/index.php?rest_route=%2Fwp%2Fv2%2Fcomments&post=9360"}],"version-history":[{"count":1,"href":"http:\/\/piekarscy.com.pl\/index.php?rest_route=\/wp\/v2\/posts\/9360\/revisions"}],"predecessor-version":[{"id":9362,"href":"http:\/\/piekarscy.com.pl\/index.php?rest_route=\/wp\/v2\/posts\/9360\/revisions\/9362"}],"wp:attachment":[{"href":"http:\/\/piekarscy.com.pl\/index.php?rest_route=%2Fwp%2Fv2%2Fmedia&parent=9360"}],"wp:term":[{"taxonomy":"category","embeddable":true,"href":"http:\/\/piekarscy.com.pl\/index.php?rest_route=%2Fwp%2Fv2%2Fcategories&post=9360"},{"taxonomy":"post_tag","embeddable":true,"href":"http:\/\/piekarscy.com.pl\/index.php?rest_route=%2Fwp%2Fv2%2Ftags&post=9360"}],"curies":[{"name":"wp","href":"https:\/\/api.w.org\/{rel}","templated":true}]}}