{"id":9418,"date":"2017-07-01T04:32:28","date_gmt":"2017-07-01T04:32:28","guid":{"rendered":"http:\/\/piekarscy.com.pl\/?p=9418"},"modified":"2017-06-30T21:40:28","modified_gmt":"2017-06-30T21:40:28","slug":"swiety-obrazek-jana-domzalskiego","status":"publish","type":"post","link":"http:\/\/piekarscy.com.pl\/?p=9418","title":{"rendered":"\u015awi\u0119ty obrazek Jana Dom\u017calskiego"},"content":{"rendered":"<p>W dokumentach po rodzinie mojej ciotecznej siostry zosta\u0142 m.in. taki obrazek. To obrazek wr\u0119czany \u017ca\u0142obnikom po \u015bmierci bliskiej osoby w tym wypadku Johna Dom\u017calskiego. Kim by\u0142 John Dom\u017calski? By\u0142 rodzonym bratem Genowefy z Dom\u017calskich Momoci\u0144skiej &#8211; te\u015bciowej mojego wujka Stefana Steca, brata mojej mamy. Urodzi\u0142 si\u0119 w Polsce w 1891 jako Jan, ale po emigracji do USA, gdzie ostatecznie zmar\u0142 w 1973, przybra\u0142 imi\u0119 John.<\/p>\n<p><a href=\"http:\/\/piekarscy.com.pl\/wp-content\/uploads\/2017\/06\/100.jpg\"><img loading=\"lazy\" decoding=\"async\" class=\"aligncenter wp-image-9419 size-medium\" src=\"http:\/\/piekarscy.com.pl\/wp-content\/uploads\/2017\/06\/100-172x300.jpg\" alt=\"\" width=\"172\" height=\"300\" srcset=\"http:\/\/piekarscy.com.pl\/wp-content\/uploads\/2017\/06\/100-172x300.jpg 172w, http:\/\/piekarscy.com.pl\/wp-content\/uploads\/2017\/06\/100-588x1024.jpg 588w, http:\/\/piekarscy.com.pl\/wp-content\/uploads\/2017\/06\/100-624x1087.jpg 624w, http:\/\/piekarscy.com.pl\/wp-content\/uploads\/2017\/06\/100.jpg 1372w\" sizes=\"auto, (max-width: 172px) 100vw, 172px\" \/><\/a><\/p>\n<p><a href=\"http:\/\/piekarscy.com.pl\/wp-content\/uploads\/2017\/06\/101.jpg\"><img loading=\"lazy\" decoding=\"async\" class=\"aligncenter wp-image-9420 size-medium\" src=\"http:\/\/piekarscy.com.pl\/wp-content\/uploads\/2017\/06\/101-176x300.jpg\" alt=\"\" width=\"176\" height=\"300\" srcset=\"http:\/\/piekarscy.com.pl\/wp-content\/uploads\/2017\/06\/101-176x300.jpg 176w, http:\/\/piekarscy.com.pl\/wp-content\/uploads\/2017\/06\/101-599x1024.jpg 599w, http:\/\/piekarscy.com.pl\/wp-content\/uploads\/2017\/06\/101-624x1066.jpg 624w, http:\/\/piekarscy.com.pl\/wp-content\/uploads\/2017\/06\/101.jpg 1398w\" sizes=\"auto, (max-width: 176px) 100vw, 176px\" \/><\/a><\/p>\n","protected":false},"excerpt":{"rendered":"<p>W dokumentach po rodzinie mojej ciotecznej siostry zosta\u0142 m.in. taki obrazek. To obrazek wr\u0119czany \u017ca\u0142obnikom po \u015bmierci bliskiej osoby w tym wypadku Johna Dom\u017calskiego. Kim by\u0142 John Dom\u017calski? By\u0142 rodzonym bratem Genowefy z Dom\u017calskich Momoci\u0144skiej &#8211; te\u015bciowej mojego wujka Stefana Steca, brata mojej mamy. Urodzi\u0142 si\u0119 w Polsce w 1891 jako Jan, ale po emigracji [&hellip;]<\/p>\n","protected":false},"author":1,"featured_media":0,"comment_status":"closed","ping_status":"closed","sticky":false,"template":"","format":"standard","meta":{"footnotes":""},"categories":[1285,1262],"tags":[1287,1286,167],"class_list":["post-9418","post","type-post","status-publish","format-standard","hentry","category-domzalscy","category-momocinscy","tag-jan-domzalski","tag-john-domzalski","tag-swiety-obrazek"],"_links":{"self":[{"href":"http:\/\/piekarscy.com.pl\/index.php?rest_route=\/wp\/v2\/posts\/9418","targetHints":{"allow":["GET"]}}],"collection":[{"href":"http:\/\/piekarscy.com.pl\/index.php?rest_route=\/wp\/v2\/posts"}],"about":[{"href":"http:\/\/piekarscy.com.pl\/index.php?rest_route=\/wp\/v2\/types\/post"}],"author":[{"embeddable":true,"href":"http:\/\/piekarscy.com.pl\/index.php?rest_route=\/wp\/v2\/users\/1"}],"replies":[{"embeddable":true,"href":"http:\/\/piekarscy.com.pl\/index.php?rest_route=%2Fwp%2Fv2%2Fcomments&post=9418"}],"version-history":[{"count":1,"href":"http:\/\/piekarscy.com.pl\/index.php?rest_route=\/wp\/v2\/posts\/9418\/revisions"}],"predecessor-version":[{"id":9421,"href":"http:\/\/piekarscy.com.pl\/index.php?rest_route=\/wp\/v2\/posts\/9418\/revisions\/9421"}],"wp:attachment":[{"href":"http:\/\/piekarscy.com.pl\/index.php?rest_route=%2Fwp%2Fv2%2Fmedia&parent=9418"}],"wp:term":[{"taxonomy":"category","embeddable":true,"href":"http:\/\/piekarscy.com.pl\/index.php?rest_route=%2Fwp%2Fv2%2Fcategories&post=9418"},{"taxonomy":"post_tag","embeddable":true,"href":"http:\/\/piekarscy.com.pl\/index.php?rest_route=%2Fwp%2Fv2%2Ftags&post=9418"}],"curies":[{"name":"wp","href":"https:\/\/api.w.org\/{rel}","templated":true}]}}