{"id":9427,"date":"2017-07-03T04:23:24","date_gmt":"2017-07-03T04:23:24","guid":{"rendered":"http:\/\/piekarscy.com.pl\/?p=9427"},"modified":"2017-07-02T17:49:24","modified_gmt":"2017-07-02T17:49:24","slug":"zosia-na-katafalku","status":"publish","type":"post","link":"http:\/\/piekarscy.com.pl\/?p=9427","title":{"rendered":"Zosia na katafalku"},"content":{"rendered":"<p>Siostra mojej mamy &#8211; Zosia Stec (1925-1941) zmar\u0142a w czasie okupacji na bia\u0142aczk\u0119. Pisa\u0142am o tym w swojej ostatniej ksi\u0105\u017cce <a href=\"http:\/\/piekarska.com.pl\/?page_id=5932\" target=\"_blank\" rel=\"noopener\">&#8222;Syn dw\u00f3ch matek&#8221;<\/a>.<\/p>\n<blockquote><p>Moja mama tez\u0307 wiedzia\u0142a, co to b\u00f3l matki po stracie dziecka. Mia\u0142a osiem lat, gdy zmar\u0142 jej cioteczny brat \u2013 dwuip\u00f3\u0142letni Jureczek Dudzic, syn Wandy, rodzonej siostry babci Konstancji. Ca\u0142y czas w Zwierzy\u0144cu jest jego gr\u00f3b, w kt\u00f3rym le\u017cy z moimi pradziadkami Stanis\u0142awem Kurzy\u0144skim i Katarzyn\u0105 z Czochr\u00f3w. By\u0142am tam niedawno zapali\u0107 \u015bwieczk\u0119. Mama widzia\u0142a b\u00f3l swojej ciotki. A w czasie okupacji zobaczy\u0142a b\u00f3l swojej matki. W 1941 roku na bia\u0142aczk\u0119 zmar\u0142a jej rodzona siostra Zosia Stec. Pami\u0119tasz opowie\u015bci mamy o Zosi? Wynika\u0142o z nich, \u017ce z ca\u0142ego rodze\u0144stwa by\u0142a najlepsza, najm\u0105drzejsza i naj\u0142adniejsza. Zosia mia\u0142a szesna\u015bcie lat i podobnie jak o twoim starszym Bracie Antku nie umiem my\u015ble\u0107 \u201estryj\u201d, tak o niej nie umiem my\u015ble\u0107 \u201eciocia\u201d. Z jej \u015bmierci\u0105 wi\u0105za\u0142a si\u0119 jedna z niewielu opowie\u015bci mamy o tzw. dobrych Niemcach. Ot\u00f3\u017c jeden taki \u201edobry\u201d Niemiec wzi\u0105\u0142 od dziadka Julka wyniki badan Zosi i zawi\u00f3z\u0142 do lekarza do Berlina. Wr\u00f3ci\u0142 z Berlina i powiedzia\u0142:<br \/>\n\u2013 Panie Stec, nie ma nadziei. To najgorsza posta\u0107 bia\u0142aczki. Szpikowa.<br \/>\nDziadek nie powiedzia\u0142 o tym babci. Wiedzia\u0142, \u017ce dla matki \u015bmier\u0107 dziecka jest czym\u015b strasznym. Dlatego oboje ratowali Zosi\u0119 do ko\u0144ca. Mama opowiada\u0142a, \u017ce dziadek by\u0142 w Che\u0142mie bardzo szanowany, wi\u0119c w pewnym momencie inny (a mo\u017ce ten sam?) \u201edobry\u201d Niemiec przyprowadzi\u0142 z che\u0142mskiego getta \u017byda. Mama m\u00f3wi\u0142a, \u017ce pcha\u0142 tego \u017byda przed sob\u0105, a \u017byd, wszed\u0142szy do kuchni, postawi\u0142 na stole worek i powiedzia\u0142, \u017ce to prezent od ludzi mieszkaj\u0105cych w che\u0142mskim getcie. W smrodku worka by\u0142a&#8230; prawdziwa kawa. Wszyscy byli zdumieni. Najbardziej Niemiec, kt\u00f3ry powiedzia\u0142:<br \/>\n\u2013 Czyli jeszcze maja !<br \/>\nAle kawy nie zabra\u0142. Che\u0142mscy \u017bydzi podarowali te kaw\u0119, by dziadkowie mogli zrobi\u0107 Zosi lewatyw\u0119 z parzonej kawy z zi\u00f3\u0142kiem. Nie zadzia\u0142a\u0142o. Zosia umar\u0142a, poca\u0142owawszy przed \u015bmierci\u0105 moja babci\u0119, a swoj\u0105 mam\u0119, w r\u0119k\u0119, dzi\u0119kuj\u0105c jej w ten spos\u00f3b za swoje szesna\u015bcie lat \u017cycia. Babcia Kocia, Twoja te\u015bciowa, kt\u00f3ra lubi\u0142e\u015b i nawet wspominasz, zmar\u0142a ponad czterdzie\u015bci lat p\u00f3\u017aniej. Czy wiesz, \u017ce do ko\u0144ca swoich dni nosi\u0142a w torebce zdj\u0119cie ukochanej Zosi le\u017c\u0105cej na katafalku? Pokazywa\u0142a mi te fotografie, ilekro\u0107 ogl\u0105da\u0142y\u015bmy zawarto\u015b\u0107 Jej torebki. Mia\u0142a w niej zawsze mi\u0119towe landrynki, buteleczk\u0119 perfum, chusteczk\u0119 do nosa i w\u0142a\u015bnie t\u0119 fotografi\u0119. Nie wiem, co si\u0119 z ni\u0105 sta\u0142o. Ale pami\u0119tam to zdj\u0119cie Zosi po \u015bmierci. Wychudzonej, kruchej nastolatki le\u017c\u0105cej po raz ostatni na swoim \u0142\u00f3\u017cku.<br \/>\nfr. rozdzia\u0142u &#8222;L\u0119ki matki&#8221;<br \/>\n&#8222;Syn dw\u00f3ch matek&#8221; wyd. Trzecia Strona<\/p><\/blockquote>\n<p>Oto wspomniane zdj\u0119cie Zosi na katafalku, a nawet dwa zdj\u0119cia. Znalaz\u0142am w albumach odziedziczonych po mojej szczeci\u0144skiej siostrze Danusi. Kiedy\u015b fotografowano zmar\u0142ych, czuwano w domu przy ich cia\u0142ach, a wykonane zmar\u0142ym zdj\u0119cia s\u0142ano tym, kt\u00f3rzy nie mogli przyby\u0107 na pogrzeb.<\/p>\n<p><a href=\"http:\/\/piekarscy.com.pl\/wp-content\/uploads\/2017\/07\/102.jpg\"><img loading=\"lazy\" decoding=\"async\" class=\"aligncenter wp-image-9428 size-medium\" src=\"http:\/\/piekarscy.com.pl\/wp-content\/uploads\/2017\/07\/102-300x213.jpg\" alt=\"\" width=\"300\" height=\"213\" srcset=\"http:\/\/piekarscy.com.pl\/wp-content\/uploads\/2017\/07\/102-300x213.jpg 300w, http:\/\/piekarscy.com.pl\/wp-content\/uploads\/2017\/07\/102-1024x728.jpg 1024w, http:\/\/piekarscy.com.pl\/wp-content\/uploads\/2017\/07\/102-624x443.jpg 624w, http:\/\/piekarscy.com.pl\/wp-content\/uploads\/2017\/07\/102.jpg 1872w\" sizes=\"auto, (max-width: 300px) 100vw, 300px\" \/><\/a><\/p>\n<p><a href=\"http:\/\/piekarscy.com.pl\/wp-content\/uploads\/2017\/07\/103.jpg\"><img loading=\"lazy\" decoding=\"async\" class=\"aligncenter wp-image-9429 size-medium\" src=\"http:\/\/piekarscy.com.pl\/wp-content\/uploads\/2017\/07\/103-208x300.jpg\" alt=\"\" width=\"208\" height=\"300\" srcset=\"http:\/\/piekarscy.com.pl\/wp-content\/uploads\/2017\/07\/103-208x300.jpg 208w, http:\/\/piekarscy.com.pl\/wp-content\/uploads\/2017\/07\/103-708x1024.jpg 708w, http:\/\/piekarscy.com.pl\/wp-content\/uploads\/2017\/07\/103-624x902.jpg 624w, http:\/\/piekarscy.com.pl\/wp-content\/uploads\/2017\/07\/103.jpg 1309w\" sizes=\"auto, (max-width: 208px) 100vw, 208px\" \/><\/a><\/p>\n<p>&nbsp;<\/p>\n","protected":false},"excerpt":{"rendered":"<p>Siostra mojej mamy &#8211; Zosia Stec (1925-1941) zmar\u0142a w czasie okupacji na bia\u0142aczk\u0119. Pisa\u0142am o tym w swojej ostatniej ksi\u0105\u017cce &#8222;Syn dw\u00f3ch matek&#8221;. Moja mama tez\u0307 wiedzia\u0142a, co to b\u00f3l matki po stracie dziecka. Mia\u0142a osiem lat, gdy zmar\u0142 jej cioteczny brat \u2013 dwuip\u00f3\u0142letni Jureczek Dudzic, syn Wandy, rodzonej siostry babci Konstancji. Ca\u0142y czas w [&hellip;]<\/p>\n","protected":false},"author":1,"featured_media":0,"comment_status":"closed","ping_status":"closed","sticky":false,"template":"","format":"standard","meta":{"footnotes":""},"categories":[12],"tags":[102,982,132],"class_list":["post-9427","post","type-post","status-publish","format-standard","hentry","category-stec","tag-fotografia","tag-syn-dwoch-matek","tag-zofia-stec"],"_links":{"self":[{"href":"http:\/\/piekarscy.com.pl\/index.php?rest_route=\/wp\/v2\/posts\/9427","targetHints":{"allow":["GET"]}}],"collection":[{"href":"http:\/\/piekarscy.com.pl\/index.php?rest_route=\/wp\/v2\/posts"}],"about":[{"href":"http:\/\/piekarscy.com.pl\/index.php?rest_route=\/wp\/v2\/types\/post"}],"author":[{"embeddable":true,"href":"http:\/\/piekarscy.com.pl\/index.php?rest_route=\/wp\/v2\/users\/1"}],"replies":[{"embeddable":true,"href":"http:\/\/piekarscy.com.pl\/index.php?rest_route=%2Fwp%2Fv2%2Fcomments&post=9427"}],"version-history":[{"count":5,"href":"http:\/\/piekarscy.com.pl\/index.php?rest_route=\/wp\/v2\/posts\/9427\/revisions"}],"predecessor-version":[{"id":9461,"href":"http:\/\/piekarscy.com.pl\/index.php?rest_route=\/wp\/v2\/posts\/9427\/revisions\/9461"}],"wp:attachment":[{"href":"http:\/\/piekarscy.com.pl\/index.php?rest_route=%2Fwp%2Fv2%2Fmedia&parent=9427"}],"wp:term":[{"taxonomy":"category","embeddable":true,"href":"http:\/\/piekarscy.com.pl\/index.php?rest_route=%2Fwp%2Fv2%2Fcategories&post=9427"},{"taxonomy":"post_tag","embeddable":true,"href":"http:\/\/piekarscy.com.pl\/index.php?rest_route=%2Fwp%2Fv2%2Ftags&post=9427"}],"curies":[{"name":"wp","href":"https:\/\/api.w.org\/{rel}","templated":true}]}}